{"id":8265,"date":"2024-05-30T18:08:23","date_gmt":"2024-05-30T15:08:23","guid":{"rendered":"https:\/\/vienibaspsk.lv\/?p=8265"},"modified":"2025-08-11T16:25:43","modified_gmt":"2025-08-11T13:25:43","slug":"vasaras-ieskandinasana-tautas-deju-festivala-latvju-berni-danci-veda-dobele","status":"publish","type":"post","link":"https:\/\/vienibaspsk.lv\/index.php\/2024\/05\/30\/vasaras-ieskandinasana-tautas-deju-festivala-latvju-berni-danci-veda-dobele\/","title":{"rendered":"Vasaras ieskandin\u0101\u0161ana tautas deju festiv\u0101l\u0101 \u201cLatvju b\u0113rni danci veda\u201d Dobel\u0113"},"content":{"rendered":"<ol start=\"2024\">\n<li>gad\u0101 jau divdesmit piekto reizi notika tautas deju festiv\u0101ls \u201cLatvju b\u0113rni danci veda\u201d. Tautas deju festiv\u0101ls \u201cLatvju b\u0113rni danci veda\u201d gadu gait\u0101 ir izaudzis par v\u0113rien\u012bgu pas\u0101kumu, kur\u0161 katru gadu notiek k\u0101d\u0101 no Latvijas pils\u0113t\u0101m. \u0160ogad tas notika Dobel\u0113 un Ventspil\u012b.<\/li>\n<li>maij\u0101 Daugavpils Vien\u012bbas pamatskolas deju kolekt\u012bva \u201cD\u017eiguni\u201d divi sast\u0101vi \u2013 4. klase un 5. klase \u2013dev\u0101s uz tautas deju festiv\u0101lu \u201cLatvju b\u0113rni danci veda\u201d ceri\u0146u pils\u0113t\u0101 Dobel\u0113, lai kop\u0101 ar vair\u0101k nek\u0101 3850 dejot\u0101jiem no 104 deju kolekt\u012bviem no 19 Latvijas novadiem un 4 valstspils\u0113t\u0101m ieskandin\u0101tu vasaru ar lust\u012bg\u0101m dej\u0101m, lai ieg\u016btu pozit\u012bvas emocijas un izbaud\u012btu mazos \u201cdeju sv\u0113tkus\u201d.<\/li>\n<\/ol>\n<p>Festiv\u0101la laik\u0101 pils\u0113tas iel\u0101s un laukumos tika izdejotas kolekt\u012bvu iem\u012b\u013cot\u0101s dejas, p\u0113c ielu koncertiem notika tradicion\u0101lais g\u0101jiens, kas pils\u0113tu izdai\u013coja ar dejot\u0101ju tautas t\u0113rpiem un b\u0113rnu \u010dal\u0101m. Savuk\u0101rt p\u0113c g\u0101jiena \u0136esterme\u017e\u0101 norisin\u0101j\u0101s novadu lielkoncerts \u201cSolis plaukst. Deja zied\u201d, kuru vad\u012bja jaunie\u0161u vid\u016b iem\u012b\u013cotas grupas \u201cCiti z\u0113ni\u201d solists J\u0101nis P\u0113tersons.<\/p>\n<p>Daugavpils Vien\u012bbas pamatskolas deju kolekt\u012bvs \u201cD\u017eiguni\u201d kop\u0101 ar Daugavpils valstspils\u0113tas pa\u0161vald\u012bbas iest\u0101des \u201cVien\u012bbas nams\u201d Latvie\u0161u un latgalie\u0161u kult\u016bras centra B\u0113rnu deju kolekt\u012bvu \u201cPienup\u012bte\u201d Dobeles Kult\u016bras nama pagalm\u0101 izdejoja programmu <em>Ai, k\u0101ji\u0146as, man, k\u0101ji\u0146as, dancot gribu, dancot grib\u2019 &nbsp;<\/em><\/p>\n<p>Festiv\u0101la nosl\u0113gum\u0101 organizatori pateic\u0101s visiem kolekt\u012bviem un vad\u012bt\u0101jiem. Savuk\u0101rt dal\u012bbnieki \u0136esterme\u017ea estr\u0101d\u0113 var\u0113ja izkust\u0113ties disen\u012bt\u0113 m\u016bzikas ritmos un da\u017e\u0101d\u0101s aktivit\u0101t\u0113s.<\/p>\n<p>Visi kolekt\u012bvi un vad\u012bt\u0101ji sa\u0146\u0113ma pateic\u012bbas un nelielas piemi\u0146as balvas no Valsts izgl\u012bt\u012bbas satura centra un Dobeles novada pa\u0161vald\u012bbas.<\/p>\n<p>Dejot\u0101ji \u2013 ieguvu\u0161i pozit\u012bvas emocijas, dodas vasaras br\u012bvdien\u0101s, lai jaunaj\u0101 sezon\u0101 ar v\u0113l liel\u0101ku sparu turpin\u0101tu apg\u016bt jaunus so\u013cus un dejas, un v\u0113l akt\u012bv\u0101k gatavotos XIII Latvijas skolu jaunatnes dziesmu un deju sv\u0113tkiem.<\/p>\n<p>Pas\u0101kums ir viens no XIII Latvijas Skolu jaunatnes dziesmu un deju sv\u0113tku starpsv\u0113tkiem, kuru r\u012bko Valsts izgl\u012bt\u012bbas satura centrs sadarb\u012bb\u0101 ar Latvijas pa\u0161vald\u012bb\u0101m.<\/p>\nngg_shortcode_0_placeholder\n","protected":false},"excerpt":{"rendered":"<p>gad\u0101 jau divdesmit piekto reizi notika tautas deju festiv\u0101ls \u201cLatvju b\u0113rni danci veda\u201d. Tautas deju festiv\u0101ls \u201cLatvju b\u0113rni danci veda\u201d gadu gait\u0101 ir izaudzis par v\u0113rien\u012bgu pas\u0101kumu, kur\u0161 katru gadu &#8230;<\/p>\n","protected":false},"author":3,"featured_media":8281,"comment_status":"closed","ping_status":"closed","sticky":false,"template":"","format":"standard","meta":{"_lmt_disableupdate":"no","_lmt_disable":"","ngg_post_thumbnail":0,"footnotes":""},"categories":[127],"tags":[],"class_list":["post-8265","post","type-post","status-publish","format-standard","has-post-thumbnail","hentry","category-2024-2025-mg"],"yoast_head":"<!-- This site is optimized with the Yoast SEO plugin v18.3 - https:\/\/yoast.com\/wordpress\/plugins\/seo\/ -->\n<title>Vasaras ieskandin\u0101\u0161ana tautas deju festiv\u0101l\u0101 \u201cLatvju b\u0113rni danci veda\u201d Dobel\u0113 - Daugavpils Vien\u012bbas pamatskola<\/title>\n<meta name=\"robots\" content=\"index, follow, max-snippet:-1, max-image-preview:large, max-video-preview:-1\" \/>\n<link rel=\"canonical\" href=\"https:\/\/vienibaspsk.lv\/index.php\/2024\/05\/30\/vasaras-ieskandinasana-tautas-deju-festivala-latvju-berni-danci-veda-dobele\/\" \/>\n<meta property=\"og:locale\" content=\"lv_LV\" \/>\n<meta property=\"og:type\" content=\"article\" \/>\n<meta property=\"og:title\" content=\"Vasaras ieskandin\u0101\u0161ana tautas deju festiv\u0101l\u0101 \u201cLatvju b\u0113rni danci veda\u201d Dobel\u0113 - Daugavpils Vien\u012bbas pamatskola\" \/>\n<meta property=\"og:description\" content=\"gad\u0101 jau divdesmit piekto reizi notika tautas deju festiv\u0101ls \u201cLatvju b\u0113rni danci veda\u201d. Tautas deju festiv\u0101ls \u201cLatvju b\u0113rni danci veda\u201d gadu gait\u0101 ir izaudzis par v\u0113rien\u012bgu pas\u0101kumu, kur\u0161 katru gadu ...\" \/>\n<meta property=\"og:url\" content=\"https:\/\/vienibaspsk.lv\/index.php\/2024\/05\/30\/vasaras-ieskandinasana-tautas-deju-festivala-latvju-berni-danci-veda-dobele\/\" \/>\n<meta property=\"og:site_name\" content=\"Daugavpils Vien\u012bbas pamatskola\" \/>\n<meta property=\"article:published_time\" content=\"2024-05-30T15:08:23+00:00\" \/>\n<meta property=\"article:modified_time\" content=\"2025-08-11T13:25:43+00:00\" \/>\n<meta property=\"og:image\" content=\"https:\/\/vienibaspsk.lv\/wp-content\/uploads\/2024\/05\/IMG_20240524_140443-Medium.jpg\" \/>\n\t<meta property=\"og:image:width\" content=\"1024\" \/>\n\t<meta property=\"og:image:height\" content=\"768\" \/>\n\t<meta property=\"og:image:type\" content=\"image\/jpeg\" \/>\n<meta name=\"twitter:card\" content=\"summary_large_image\" \/>\n<meta name=\"twitter:label1\" content=\"Written by\" \/>\n\t<meta name=\"twitter:data1\" content=\"Arturs Stabulnieks\" \/>\n\t<meta name=\"twitter:label2\" content=\"Est. reading time\" \/>\n\t<meta name=\"twitter:data2\" content=\"2 min\u016btes\" \/>\n<script type=\"application\/ld+json\" class=\"yoast-schema-graph\">{\"@context\":\"https:\/\/schema.org\",\"@graph\":[{\"@type\":\"WebSite\",\"@id\":\"https:\/\/vienibaspsk.lv\/#website\",\"url\":\"https:\/\/vienibaspsk.lv\/\",\"name\":\"Daugavpils Vien\u012bbas pamatskola\",\"description\":\"\",\"potentialAction\":[{\"@type\":\"SearchAction\",\"target\":{\"@type\":\"EntryPoint\",\"urlTemplate\":\"https:\/\/vienibaspsk.lv\/?s={search_term_string}\"},\"query-input\":\"required name=search_term_string\"}],\"inLanguage\":\"lv-LV\"},{\"@type\":\"ImageObject\",\"@id\":\"https:\/\/vienibaspsk.lv\/index.php\/2024\/05\/30\/vasaras-ieskandinasana-tautas-deju-festivala-latvju-berni-danci-veda-dobele\/#primaryimage\",\"inLanguage\":\"lv-LV\",\"url\":\"https:\/\/vienibaspsk.lv\/wp-content\/uploads\/2024\/05\/IMG_20240524_140443-Medium.jpg\",\"contentUrl\":\"https:\/\/vienibaspsk.lv\/wp-content\/uploads\/2024\/05\/IMG_20240524_140443-Medium.jpg\",\"width\":1024,\"height\":768},{\"@type\":\"WebPage\",\"@id\":\"https:\/\/vienibaspsk.lv\/index.php\/2024\/05\/30\/vasaras-ieskandinasana-tautas-deju-festivala-latvju-berni-danci-veda-dobele\/#webpage\",\"url\":\"https:\/\/vienibaspsk.lv\/index.php\/2024\/05\/30\/vasaras-ieskandinasana-tautas-deju-festivala-latvju-berni-danci-veda-dobele\/\",\"name\":\"Vasaras ieskandin\u0101\u0161ana tautas deju festiv\u0101l\u0101 \u201cLatvju b\u0113rni danci veda\u201d Dobel\u0113 - Daugavpils Vien\u012bbas pamatskola\",\"isPartOf\":{\"@id\":\"https:\/\/vienibaspsk.lv\/#website\"},\"primaryImageOfPage\":{\"@id\":\"https:\/\/vienibaspsk.lv\/index.php\/2024\/05\/30\/vasaras-ieskandinasana-tautas-deju-festivala-latvju-berni-danci-veda-dobele\/#primaryimage\"},\"datePublished\":\"2024-05-30T15:08:23+00:00\",\"dateModified\":\"2025-08-11T13:25:43+00:00\",\"author\":{\"@id\":\"https:\/\/vienibaspsk.lv\/#\/schema\/person\/0614773414e618c7c13592a97592bf48\"},\"breadcrumb\":{\"@id\":\"https:\/\/vienibaspsk.lv\/index.php\/2024\/05\/30\/vasaras-ieskandinasana-tautas-deju-festivala-latvju-berni-danci-veda-dobele\/#breadcrumb\"},\"inLanguage\":\"lv-LV\",\"potentialAction\":[{\"@type\":\"ReadAction\",\"target\":[\"https:\/\/vienibaspsk.lv\/index.php\/2024\/05\/30\/vasaras-ieskandinasana-tautas-deju-festivala-latvju-berni-danci-veda-dobele\/\"]}]},{\"@type\":\"BreadcrumbList\",\"@id\":\"https:\/\/vienibaspsk.lv\/index.php\/2024\/05\/30\/vasaras-ieskandinasana-tautas-deju-festivala-latvju-berni-danci-veda-dobele\/#breadcrumb\",\"itemListElement\":[{\"@type\":\"ListItem\",\"position\":1,\"name\":\"Galven\u0101\",\"item\":\"https:\/\/vienibaspsk.lv\/\"},{\"@type\":\"ListItem\",\"position\":2,\"name\":\"Vasaras ieskandin\u0101\u0161ana tautas deju festiv\u0101l\u0101 \u201cLatvju b\u0113rni danci veda\u201d Dobel\u0113\"}]},{\"@type\":\"Person\",\"@id\":\"https:\/\/vienibaspsk.lv\/#\/schema\/person\/0614773414e618c7c13592a97592bf48\",\"name\":\"Arturs Stabulnieks\",\"image\":{\"@type\":\"ImageObject\",\"@id\":\"https:\/\/vienibaspsk.lv\/#personlogo\",\"inLanguage\":\"lv-LV\",\"url\":\"https:\/\/secure.gravatar.com\/avatar\/35d6d193b35a3810562734b66a6d52427a85929adf4cc999dc080bff3daa9e57?s=96&d=mm&r=g\",\"contentUrl\":\"https:\/\/secure.gravatar.com\/avatar\/35d6d193b35a3810562734b66a6d52427a85929adf4cc999dc080bff3daa9e57?s=96&d=mm&r=g\",\"caption\":\"Arturs Stabulnieks\"},\"sameAs\":[\"http:\/\/www.vienibaspsk.lv\"],\"url\":\"https:\/\/vienibaspsk.lv\/index.php\/author\/root\/\"}]}<\/script>\n<!-- \/ Yoast SEO plugin. -->","yoast_head_json":{"title":"Vasaras ieskandin\u0101\u0161ana tautas deju festiv\u0101l\u0101 \u201cLatvju b\u0113rni danci veda\u201d Dobel\u0113 - Daugavpils Vien\u012bbas pamatskola","robots":{"index":"index","follow":"follow","max-snippet":"max-snippet:-1","max-image-preview":"max-image-preview:large","max-video-preview":"max-video-preview:-1"},"canonical":"https:\/\/vienibaspsk.lv\/index.php\/2024\/05\/30\/vasaras-ieskandinasana-tautas-deju-festivala-latvju-berni-danci-veda-dobele\/","og_locale":"lv_LV","og_type":"article","og_title":"Vasaras ieskandin\u0101\u0161ana tautas deju festiv\u0101l\u0101 \u201cLatvju b\u0113rni danci veda\u201d Dobel\u0113 - Daugavpils Vien\u012bbas pamatskola","og_description":"gad\u0101 jau divdesmit piekto reizi notika tautas deju festiv\u0101ls \u201cLatvju b\u0113rni danci veda\u201d. Tautas deju festiv\u0101ls \u201cLatvju b\u0113rni danci veda\u201d gadu gait\u0101 ir izaudzis par v\u0113rien\u012bgu pas\u0101kumu, kur\u0161 katru gadu ...","og_url":"https:\/\/vienibaspsk.lv\/index.php\/2024\/05\/30\/vasaras-ieskandinasana-tautas-deju-festivala-latvju-berni-danci-veda-dobele\/","og_site_name":"Daugavpils Vien\u012bbas pamatskola","article_published_time":"2024-05-30T15:08:23+00:00","article_modified_time":"2025-08-11T13:25:43+00:00","og_image":[{"width":1024,"height":768,"url":"https:\/\/vienibaspsk.lv\/wp-content\/uploads\/2024\/05\/IMG_20240524_140443-Medium.jpg","type":"image\/jpeg"}],"twitter_card":"summary_large_image","twitter_misc":{"Written by":"Arturs Stabulnieks","Est. reading time":"2 min\u016btes"},"schema":{"@context":"https:\/\/schema.org","@graph":[{"@type":"WebSite","@id":"https:\/\/vienibaspsk.lv\/#website","url":"https:\/\/vienibaspsk.lv\/","name":"Daugavpils Vien\u012bbas pamatskola","description":"","potentialAction":[{"@type":"SearchAction","target":{"@type":"EntryPoint","urlTemplate":"https:\/\/vienibaspsk.lv\/?s={search_term_string}"},"query-input":"required name=search_term_string"}],"inLanguage":"lv-LV"},{"@type":"ImageObject","@id":"https:\/\/vienibaspsk.lv\/index.php\/2024\/05\/30\/vasaras-ieskandinasana-tautas-deju-festivala-latvju-berni-danci-veda-dobele\/#primaryimage","inLanguage":"lv-LV","url":"https:\/\/vienibaspsk.lv\/wp-content\/uploads\/2024\/05\/IMG_20240524_140443-Medium.jpg","contentUrl":"https:\/\/vienibaspsk.lv\/wp-content\/uploads\/2024\/05\/IMG_20240524_140443-Medium.jpg","width":1024,"height":768},{"@type":"WebPage","@id":"https:\/\/vienibaspsk.lv\/index.php\/2024\/05\/30\/vasaras-ieskandinasana-tautas-deju-festivala-latvju-berni-danci-veda-dobele\/#webpage","url":"https:\/\/vienibaspsk.lv\/index.php\/2024\/05\/30\/vasaras-ieskandinasana-tautas-deju-festivala-latvju-berni-danci-veda-dobele\/","name":"Vasaras ieskandin\u0101\u0161ana tautas deju festiv\u0101l\u0101 \u201cLatvju b\u0113rni danci veda\u201d Dobel\u0113 - Daugavpils Vien\u012bbas pamatskola","isPartOf":{"@id":"https:\/\/vienibaspsk.lv\/#website"},"primaryImageOfPage":{"@id":"https:\/\/vienibaspsk.lv\/index.php\/2024\/05\/30\/vasaras-ieskandinasana-tautas-deju-festivala-latvju-berni-danci-veda-dobele\/#primaryimage"},"datePublished":"2024-05-30T15:08:23+00:00","dateModified":"2025-08-11T13:25:43+00:00","author":{"@id":"https:\/\/vienibaspsk.lv\/#\/schema\/person\/0614773414e618c7c13592a97592bf48"},"breadcrumb":{"@id":"https:\/\/vienibaspsk.lv\/index.php\/2024\/05\/30\/vasaras-ieskandinasana-tautas-deju-festivala-latvju-berni-danci-veda-dobele\/#breadcrumb"},"inLanguage":"lv-LV","potentialAction":[{"@type":"ReadAction","target":["https:\/\/vienibaspsk.lv\/index.php\/2024\/05\/30\/vasaras-ieskandinasana-tautas-deju-festivala-latvju-berni-danci-veda-dobele\/"]}]},{"@type":"BreadcrumbList","@id":"https:\/\/vienibaspsk.lv\/index.php\/2024\/05\/30\/vasaras-ieskandinasana-tautas-deju-festivala-latvju-berni-danci-veda-dobele\/#breadcrumb","itemListElement":[{"@type":"ListItem","position":1,"name":"Galven\u0101","item":"https:\/\/vienibaspsk.lv\/"},{"@type":"ListItem","position":2,"name":"Vasaras ieskandin\u0101\u0161ana tautas deju festiv\u0101l\u0101 \u201cLatvju b\u0113rni danci veda\u201d Dobel\u0113"}]},{"@type":"Person","@id":"https:\/\/vienibaspsk.lv\/#\/schema\/person\/0614773414e618c7c13592a97592bf48","name":"Arturs Stabulnieks","image":{"@type":"ImageObject","@id":"https:\/\/vienibaspsk.lv\/#personlogo","inLanguage":"lv-LV","url":"https:\/\/secure.gravatar.com\/avatar\/35d6d193b35a3810562734b66a6d52427a85929adf4cc999dc080bff3daa9e57?s=96&d=mm&r=g","contentUrl":"https:\/\/secure.gravatar.com\/avatar\/35d6d193b35a3810562734b66a6d52427a85929adf4cc999dc080bff3daa9e57?s=96&d=mm&r=g","caption":"Arturs Stabulnieks"},"sameAs":["http:\/\/www.vienibaspsk.lv"],"url":"https:\/\/vienibaspsk.lv\/index.php\/author\/root\/"}]}},"modified_by":"\u0112riks Macijevskis","_links":{"self":[{"href":"https:\/\/vienibaspsk.lv\/index.php\/wp-json\/wp\/v2\/posts\/8265","targetHints":{"allow":["GET"]}}],"collection":[{"href":"https:\/\/vienibaspsk.lv\/index.php\/wp-json\/wp\/v2\/posts"}],"about":[{"href":"https:\/\/vienibaspsk.lv\/index.php\/wp-json\/wp\/v2\/types\/post"}],"author":[{"embeddable":true,"href":"https:\/\/vienibaspsk.lv\/index.php\/wp-json\/wp\/v2\/users\/3"}],"replies":[{"embeddable":true,"href":"https:\/\/vienibaspsk.lv\/index.php\/wp-json\/wp\/v2\/comments?post=8265"}],"version-history":[{"count":1,"href":"https:\/\/vienibaspsk.lv\/index.php\/wp-json\/wp\/v2\/posts\/8265\/revisions"}],"predecessor-version":[{"id":8282,"href":"https:\/\/vienibaspsk.lv\/index.php\/wp-json\/wp\/v2\/posts\/8265\/revisions\/8282"}],"wp:featuredmedia":[{"embeddable":true,"href":"https:\/\/vienibaspsk.lv\/index.php\/wp-json\/wp\/v2\/media\/8281"}],"wp:attachment":[{"href":"https:\/\/vienibaspsk.lv\/index.php\/wp-json\/wp\/v2\/media?parent=8265"}],"wp:term":[{"taxonomy":"category","embeddable":true,"href":"https:\/\/vienibaspsk.lv\/index.php\/wp-json\/wp\/v2\/categories?post=8265"},{"taxonomy":"post_tag","embeddable":true,"href":"https:\/\/vienibaspsk.lv\/index.php\/wp-json\/wp\/v2\/tags?post=8265"}],"curies":[{"name":"wp","href":"https:\/\/api.w.org\/{rel}","templated":true}]}}