{"id":7757,"date":"2024-02-09T09:22:21","date_gmt":"2024-02-09T07:22:21","guid":{"rendered":"https:\/\/vienibaspsk.lv\/?p=7757"},"modified":"2024-08-27T09:56:11","modified_gmt":"2024-08-27T06:56:11","slug":"pateiciba-par-dalibu-starptautiska-projekta-baltu-literaturas-nedela-2023","status":"publish","type":"post","link":"https:\/\/vienibaspsk.lv\/index.php\/2024\/02\/09\/pateiciba-par-dalibu-starptautiska-projekta-baltu-literaturas-nedela-2023\/","title":{"rendered":"Pateic\u012bba par dal\u012bbu starptautisk\u0101 projekt\u0101 \u201cBaltu literat\u016bras ned\u0113\u013ca 2023\u201d"},"content":{"rendered":"<p><img loading=\"lazy\" decoding=\"async\" class=\"size-medium wp-image-7085 alignleft\" src=\"https:\/\/vienibaspsk.lv\/wp-content\/uploads\/2023\/10\/BaltuLiteraturasNedela2023-300x167.png\" alt=\"Baltu Literat\u016bras Ned\u0113\u013ca 2023\" width=\"300\" height=\"167\" srcset=\"https:\/\/vienibaspsk.lv\/wp-content\/uploads\/2023\/10\/BaltuLiteraturasNedela2023-300x167.png 300w, https:\/\/vienibaspsk.lv\/wp-content\/uploads\/2023\/10\/BaltuLiteraturasNedela2023.png 544w\" sizes=\"auto, (max-width: 300px) 100vw, 300px\" \/>Esam sa\u0146\u0113mu\u0161i pateic\u012bbas un v\u0113rt\u012bgas d\u0101vanas no starptautisk\u0101 projekta \u201cBaltu literat\u016bras ned\u0113\u013ca 2023\u201dorganizatoriem.<\/p>\n<p>Projekta m\u0113r\u0137is \u2013 stiprin\u0101t skol\u0113nu motiv\u0101ciju las\u012bt, aicinot iepaz\u012bt radniec\u012bgu tautu \u2013 lietuvie\u0161u un latvie\u0161u \u2013 valodu, literat\u016bru, kult\u016bru, v\u0113sturi, k\u0101 ar\u012b aicinot nodibin\u0101t un patur\u0113t Lietuvas un Latvijas skolu savstarp\u0113jos sakarus.<\/p>\n<p>Sirsn\u012bgi pateicamies par jaukaj\u0101m d\u0101van\u0101m, kuras papildin\u0101s skolas bibliot\u0113kas kr\u0101jumu un kuras, lasot un p\u0101rrun\u0101jot taj\u0101s izlas\u012bto, v\u0113l vair\u0101k satuvin\u0101s m\u016bsu tautas.<\/p>\n<p><strong>Projekta organizators:<br \/>\n<\/strong><a href=\"https:\/\/www.vdu.lt\/en\/\">V\u012btauta Di\u017e\u0101 universit\u0101te (Vytauto Did\u017eiojo universitetas)<\/a><\/p>\n<p><strong>&nbsp;<\/strong><\/p>\n<p><strong>Projekta partneri:<br \/>\n<\/strong>Asoci\u0101cija \u201eLietuvos ir Latvijos forumas\u201d<br \/>\n<a href=\"https:\/\/www2.mfa.gov.lv\/vilnius\/aktualitates\">Latvijas Republikas v\u0113stniec\u012bba Lietuv\u0101<\/a><br \/>\n<a href=\"https:\/\/lv.mfa.lt\/lv\/en\/\">Lietuvas Republikas v\u0113stniec\u012bba Latvij\u0101<\/a><br \/>\n<a href=\"https:\/\/www.ziedonamuzejs.lv\/lv\">Ziedo\u0146a muzejs<\/a><\/p>\n<p><strong>&nbsp;<\/strong><\/p>\n<p><strong>Atbalst\u012bt\u0101ji:<br \/>\n<\/strong><a href=\"https:\/\/www.kafijasdraugs.lv\/\">Kafijas Draugs<\/a>, <a href=\"https:\/\/www.lonas.lv\/lv\/\">Lonas<\/a><\/p>\n<p><img loading=\"lazy\" decoding=\"async\" class=\"wp-image-7758 alignnone\" src=\"https:\/\/vienibaspsk.lv\/wp-content\/uploads\/2024\/02\/raksts_-218x300.jpg\" alt=\"Uz galda atrodas tr\u012bs gr\u0101matas un pateic\u012bba m\u016bsu skolai par dal\u012bbu starptautiskaj\u0101 Latvijas un Lietuvas skolu bibliot\u0113ku projekt\u0101 &quot;Baltu literat\u016bras ned\u0113\u013c\u0101&quot;.\" width=\"355\" height=\"489\" srcset=\"https:\/\/vienibaspsk.lv\/wp-content\/uploads\/2024\/02\/raksts_-218x300.jpg 218w, https:\/\/vienibaspsk.lv\/wp-content\/uploads\/2024\/02\/raksts_.jpg 403w\" sizes=\"auto, (max-width: 355px) 100vw, 355px\" \/><\/p>\n<p>&nbsp;<\/p>\n<p style=\"text-align: right;\"><em>Inform\u0101ciju sagatavoja skolas bibliotek\u0101re<strong> Je\u013cena Celma.<\/strong><\/em><\/p>\n","protected":false},"excerpt":{"rendered":"<p>Esam sa\u0146\u0113mu\u0161i pateic\u012bbas un v\u0113rt\u012bgas d\u0101vanas no starptautisk\u0101 projekta \u201cBaltu literat\u016bras ned\u0113\u013ca 2023\u201dorganizatoriem. Projekta m\u0113r\u0137is \u2013 stiprin\u0101t skol\u0113nu motiv\u0101ciju las\u012bt, aicinot iepaz\u012bt radniec\u012bgu tautu \u2013 lietuvie\u0161u un latvie\u0161u \u2013 valodu, &#8230;<\/p>\n","protected":false},"author":2,"featured_media":7085,"comment_status":"closed","ping_status":"closed","sticky":false,"template":"","format":"standard","meta":{"_lmt_disableupdate":"no","_lmt_disable":"no","ngg_post_thumbnail":0,"footnotes":""},"categories":[122,6],"tags":[],"class_list":["post-7757","post","type-post","status-publish","format-standard","has-post-thumbnail","hentry","category-2023-2024-macibu-gads","category-biblioteka"],"yoast_head":"<!-- This site is optimized with the Yoast SEO plugin v18.3 - https:\/\/yoast.com\/wordpress\/plugins\/seo\/ -->\n<title>Pateic\u012bba par dal\u012bbu starptautisk\u0101 projekt\u0101 \u201cBaltu literat\u016bras ned\u0113\u013ca 2023\u201d - Daugavpils Vien\u012bbas pamatskola<\/title>\n<meta name=\"robots\" content=\"index, follow, max-snippet:-1, max-image-preview:large, max-video-preview:-1\" \/>\n<link rel=\"canonical\" href=\"https:\/\/vienibaspsk.lv\/index.php\/2024\/02\/09\/pateiciba-par-dalibu-starptautiska-projekta-baltu-literaturas-nedela-2023\/\" \/>\n<meta property=\"og:locale\" content=\"lv_LV\" \/>\n<meta property=\"og:type\" content=\"article\" \/>\n<meta property=\"og:title\" content=\"Pateic\u012bba par dal\u012bbu starptautisk\u0101 projekt\u0101 \u201cBaltu literat\u016bras ned\u0113\u013ca 2023\u201d - Daugavpils Vien\u012bbas pamatskola\" \/>\n<meta property=\"og:description\" content=\"Esam sa\u0146\u0113mu\u0161i pateic\u012bbas un v\u0113rt\u012bgas d\u0101vanas no starptautisk\u0101 projekta \u201cBaltu literat\u016bras ned\u0113\u013ca 2023\u201dorganizatoriem. Projekta m\u0113r\u0137is \u2013 stiprin\u0101t skol\u0113nu motiv\u0101ciju las\u012bt, aicinot iepaz\u012bt radniec\u012bgu tautu \u2013 lietuvie\u0161u un latvie\u0161u \u2013 valodu, ...\" \/>\n<meta property=\"og:url\" content=\"https:\/\/vienibaspsk.lv\/index.php\/2024\/02\/09\/pateiciba-par-dalibu-starptautiska-projekta-baltu-literaturas-nedela-2023\/\" \/>\n<meta property=\"og:site_name\" content=\"Daugavpils Vien\u012bbas pamatskola\" \/>\n<meta property=\"article:published_time\" content=\"2024-02-09T07:22:21+00:00\" \/>\n<meta property=\"article:modified_time\" content=\"2024-08-27T06:56:11+00:00\" \/>\n<meta property=\"og:image\" content=\"https:\/\/vienibaspsk.lv\/wp-content\/uploads\/2023\/10\/BaltuLiteraturasNedela2023.png\" \/>\n\t<meta property=\"og:image:width\" content=\"544\" \/>\n\t<meta property=\"og:image:height\" content=\"303\" \/>\n\t<meta property=\"og:image:type\" content=\"image\/png\" \/>\n<meta name=\"twitter:card\" content=\"summary_large_image\" \/>\n<meta name=\"twitter:label1\" content=\"Written by\" \/>\n\t<meta name=\"twitter:data1\" content=\"\u0112riks Macijevskis\" \/>\n\t<meta name=\"twitter:label2\" content=\"Est. reading time\" \/>\n\t<meta name=\"twitter:data2\" content=\"1 min\u016bte\" \/>\n<script type=\"application\/ld+json\" class=\"yoast-schema-graph\">{\"@context\":\"https:\/\/schema.org\",\"@graph\":[{\"@type\":\"WebSite\",\"@id\":\"https:\/\/vienibaspsk.lv\/#website\",\"url\":\"https:\/\/vienibaspsk.lv\/\",\"name\":\"Daugavpils Vien\u012bbas pamatskola\",\"description\":\"\",\"potentialAction\":[{\"@type\":\"SearchAction\",\"target\":{\"@type\":\"EntryPoint\",\"urlTemplate\":\"https:\/\/vienibaspsk.lv\/?s={search_term_string}\"},\"query-input\":\"required name=search_term_string\"}],\"inLanguage\":\"lv-LV\"},{\"@type\":\"ImageObject\",\"@id\":\"https:\/\/vienibaspsk.lv\/index.php\/2024\/02\/09\/pateiciba-par-dalibu-starptautiska-projekta-baltu-literaturas-nedela-2023\/#primaryimage\",\"inLanguage\":\"lv-LV\",\"url\":\"https:\/\/vienibaspsk.lv\/wp-content\/uploads\/2023\/10\/BaltuLiteraturasNedela2023.png\",\"contentUrl\":\"https:\/\/vienibaspsk.lv\/wp-content\/uploads\/2023\/10\/BaltuLiteraturasNedela2023.png\",\"width\":544,\"height\":303,\"caption\":\"Baltu Literat\u016bras Ned\u0113\u013ca 2023\"},{\"@type\":\"WebPage\",\"@id\":\"https:\/\/vienibaspsk.lv\/index.php\/2024\/02\/09\/pateiciba-par-dalibu-starptautiska-projekta-baltu-literaturas-nedela-2023\/#webpage\",\"url\":\"https:\/\/vienibaspsk.lv\/index.php\/2024\/02\/09\/pateiciba-par-dalibu-starptautiska-projekta-baltu-literaturas-nedela-2023\/\",\"name\":\"Pateic\u012bba par dal\u012bbu starptautisk\u0101 projekt\u0101 \u201cBaltu literat\u016bras ned\u0113\u013ca 2023\u201d - Daugavpils Vien\u012bbas pamatskola\",\"isPartOf\":{\"@id\":\"https:\/\/vienibaspsk.lv\/#website\"},\"primaryImageOfPage\":{\"@id\":\"https:\/\/vienibaspsk.lv\/index.php\/2024\/02\/09\/pateiciba-par-dalibu-starptautiska-projekta-baltu-literaturas-nedela-2023\/#primaryimage\"},\"datePublished\":\"2024-02-09T07:22:21+00:00\",\"dateModified\":\"2024-08-27T06:56:11+00:00\",\"author\":{\"@id\":\"https:\/\/vienibaspsk.lv\/#\/schema\/person\/d047a0e61f9508152ab5e6f85a98c7c3\"},\"breadcrumb\":{\"@id\":\"https:\/\/vienibaspsk.lv\/index.php\/2024\/02\/09\/pateiciba-par-dalibu-starptautiska-projekta-baltu-literaturas-nedela-2023\/#breadcrumb\"},\"inLanguage\":\"lv-LV\",\"potentialAction\":[{\"@type\":\"ReadAction\",\"target\":[\"https:\/\/vienibaspsk.lv\/index.php\/2024\/02\/09\/pateiciba-par-dalibu-starptautiska-projekta-baltu-literaturas-nedela-2023\/\"]}]},{\"@type\":\"BreadcrumbList\",\"@id\":\"https:\/\/vienibaspsk.lv\/index.php\/2024\/02\/09\/pateiciba-par-dalibu-starptautiska-projekta-baltu-literaturas-nedela-2023\/#breadcrumb\",\"itemListElement\":[{\"@type\":\"ListItem\",\"position\":1,\"name\":\"Galven\u0101\",\"item\":\"https:\/\/vienibaspsk.lv\/\"},{\"@type\":\"ListItem\",\"position\":2,\"name\":\"Pateic\u012bba par dal\u012bbu starptautisk\u0101 projekt\u0101 \u201cBaltu literat\u016bras ned\u0113\u013ca 2023\u201d\"}]},{\"@type\":\"Person\",\"@id\":\"https:\/\/vienibaspsk.lv\/#\/schema\/person\/d047a0e61f9508152ab5e6f85a98c7c3\",\"name\":\"\u0112riks Macijevskis\",\"image\":{\"@type\":\"ImageObject\",\"@id\":\"https:\/\/vienibaspsk.lv\/#personlogo\",\"inLanguage\":\"lv-LV\",\"url\":\"https:\/\/secure.gravatar.com\/avatar\/29982a41dd109e1f84b875f119d056d0c6c0865cf3aa2a394c6bc26fe5f37e25?s=96&d=mm&r=g\",\"contentUrl\":\"https:\/\/secure.gravatar.com\/avatar\/29982a41dd109e1f84b875f119d056d0c6c0865cf3aa2a394c6bc26fe5f37e25?s=96&d=mm&r=g\",\"caption\":\"\u0112riks Macijevskis\"},\"url\":\"https:\/\/vienibaspsk.lv\/index.php\/author\/dvpsk\/\"}]}<\/script>\n<!-- \/ Yoast SEO plugin. -->","yoast_head_json":{"title":"Pateic\u012bba par dal\u012bbu starptautisk\u0101 projekt\u0101 \u201cBaltu literat\u016bras ned\u0113\u013ca 2023\u201d - Daugavpils Vien\u012bbas pamatskola","robots":{"index":"index","follow":"follow","max-snippet":"max-snippet:-1","max-image-preview":"max-image-preview:large","max-video-preview":"max-video-preview:-1"},"canonical":"https:\/\/vienibaspsk.lv\/index.php\/2024\/02\/09\/pateiciba-par-dalibu-starptautiska-projekta-baltu-literaturas-nedela-2023\/","og_locale":"lv_LV","og_type":"article","og_title":"Pateic\u012bba par dal\u012bbu starptautisk\u0101 projekt\u0101 \u201cBaltu literat\u016bras ned\u0113\u013ca 2023\u201d - Daugavpils Vien\u012bbas pamatskola","og_description":"Esam sa\u0146\u0113mu\u0161i pateic\u012bbas un v\u0113rt\u012bgas d\u0101vanas no starptautisk\u0101 projekta \u201cBaltu literat\u016bras ned\u0113\u013ca 2023\u201dorganizatoriem. Projekta m\u0113r\u0137is \u2013 stiprin\u0101t skol\u0113nu motiv\u0101ciju las\u012bt, aicinot iepaz\u012bt radniec\u012bgu tautu \u2013 lietuvie\u0161u un latvie\u0161u \u2013 valodu, ...","og_url":"https:\/\/vienibaspsk.lv\/index.php\/2024\/02\/09\/pateiciba-par-dalibu-starptautiska-projekta-baltu-literaturas-nedela-2023\/","og_site_name":"Daugavpils Vien\u012bbas pamatskola","article_published_time":"2024-02-09T07:22:21+00:00","article_modified_time":"2024-08-27T06:56:11+00:00","og_image":[{"width":544,"height":303,"url":"https:\/\/vienibaspsk.lv\/wp-content\/uploads\/2023\/10\/BaltuLiteraturasNedela2023.png","type":"image\/png"}],"twitter_card":"summary_large_image","twitter_misc":{"Written by":"\u0112riks Macijevskis","Est. reading time":"1 min\u016bte"},"schema":{"@context":"https:\/\/schema.org","@graph":[{"@type":"WebSite","@id":"https:\/\/vienibaspsk.lv\/#website","url":"https:\/\/vienibaspsk.lv\/","name":"Daugavpils Vien\u012bbas pamatskola","description":"","potentialAction":[{"@type":"SearchAction","target":{"@type":"EntryPoint","urlTemplate":"https:\/\/vienibaspsk.lv\/?s={search_term_string}"},"query-input":"required name=search_term_string"}],"inLanguage":"lv-LV"},{"@type":"ImageObject","@id":"https:\/\/vienibaspsk.lv\/index.php\/2024\/02\/09\/pateiciba-par-dalibu-starptautiska-projekta-baltu-literaturas-nedela-2023\/#primaryimage","inLanguage":"lv-LV","url":"https:\/\/vienibaspsk.lv\/wp-content\/uploads\/2023\/10\/BaltuLiteraturasNedela2023.png","contentUrl":"https:\/\/vienibaspsk.lv\/wp-content\/uploads\/2023\/10\/BaltuLiteraturasNedela2023.png","width":544,"height":303,"caption":"Baltu Literat\u016bras Ned\u0113\u013ca 2023"},{"@type":"WebPage","@id":"https:\/\/vienibaspsk.lv\/index.php\/2024\/02\/09\/pateiciba-par-dalibu-starptautiska-projekta-baltu-literaturas-nedela-2023\/#webpage","url":"https:\/\/vienibaspsk.lv\/index.php\/2024\/02\/09\/pateiciba-par-dalibu-starptautiska-projekta-baltu-literaturas-nedela-2023\/","name":"Pateic\u012bba par dal\u012bbu starptautisk\u0101 projekt\u0101 \u201cBaltu literat\u016bras ned\u0113\u013ca 2023\u201d - Daugavpils Vien\u012bbas pamatskola","isPartOf":{"@id":"https:\/\/vienibaspsk.lv\/#website"},"primaryImageOfPage":{"@id":"https:\/\/vienibaspsk.lv\/index.php\/2024\/02\/09\/pateiciba-par-dalibu-starptautiska-projekta-baltu-literaturas-nedela-2023\/#primaryimage"},"datePublished":"2024-02-09T07:22:21+00:00","dateModified":"2024-08-27T06:56:11+00:00","author":{"@id":"https:\/\/vienibaspsk.lv\/#\/schema\/person\/d047a0e61f9508152ab5e6f85a98c7c3"},"breadcrumb":{"@id":"https:\/\/vienibaspsk.lv\/index.php\/2024\/02\/09\/pateiciba-par-dalibu-starptautiska-projekta-baltu-literaturas-nedela-2023\/#breadcrumb"},"inLanguage":"lv-LV","potentialAction":[{"@type":"ReadAction","target":["https:\/\/vienibaspsk.lv\/index.php\/2024\/02\/09\/pateiciba-par-dalibu-starptautiska-projekta-baltu-literaturas-nedela-2023\/"]}]},{"@type":"BreadcrumbList","@id":"https:\/\/vienibaspsk.lv\/index.php\/2024\/02\/09\/pateiciba-par-dalibu-starptautiska-projekta-baltu-literaturas-nedela-2023\/#breadcrumb","itemListElement":[{"@type":"ListItem","position":1,"name":"Galven\u0101","item":"https:\/\/vienibaspsk.lv\/"},{"@type":"ListItem","position":2,"name":"Pateic\u012bba par dal\u012bbu starptautisk\u0101 projekt\u0101 \u201cBaltu literat\u016bras ned\u0113\u013ca 2023\u201d"}]},{"@type":"Person","@id":"https:\/\/vienibaspsk.lv\/#\/schema\/person\/d047a0e61f9508152ab5e6f85a98c7c3","name":"\u0112riks Macijevskis","image":{"@type":"ImageObject","@id":"https:\/\/vienibaspsk.lv\/#personlogo","inLanguage":"lv-LV","url":"https:\/\/secure.gravatar.com\/avatar\/29982a41dd109e1f84b875f119d056d0c6c0865cf3aa2a394c6bc26fe5f37e25?s=96&d=mm&r=g","contentUrl":"https:\/\/secure.gravatar.com\/avatar\/29982a41dd109e1f84b875f119d056d0c6c0865cf3aa2a394c6bc26fe5f37e25?s=96&d=mm&r=g","caption":"\u0112riks Macijevskis"},"url":"https:\/\/vienibaspsk.lv\/index.php\/author\/dvpsk\/"}]}},"modified_by":"\u0112riks Macijevskis","_links":{"self":[{"href":"https:\/\/vienibaspsk.lv\/index.php\/wp-json\/wp\/v2\/posts\/7757","targetHints":{"allow":["GET"]}}],"collection":[{"href":"https:\/\/vienibaspsk.lv\/index.php\/wp-json\/wp\/v2\/posts"}],"about":[{"href":"https:\/\/vienibaspsk.lv\/index.php\/wp-json\/wp\/v2\/types\/post"}],"author":[{"embeddable":true,"href":"https:\/\/vienibaspsk.lv\/index.php\/wp-json\/wp\/v2\/users\/2"}],"replies":[{"embeddable":true,"href":"https:\/\/vienibaspsk.lv\/index.php\/wp-json\/wp\/v2\/comments?post=7757"}],"version-history":[{"count":7,"href":"https:\/\/vienibaspsk.lv\/index.php\/wp-json\/wp\/v2\/posts\/7757\/revisions"}],"predecessor-version":[{"id":7763,"href":"https:\/\/vienibaspsk.lv\/index.php\/wp-json\/wp\/v2\/posts\/7757\/revisions\/7763"}],"wp:featuredmedia":[{"embeddable":true,"href":"https:\/\/vienibaspsk.lv\/index.php\/wp-json\/wp\/v2\/media\/7085"}],"wp:attachment":[{"href":"https:\/\/vienibaspsk.lv\/index.php\/wp-json\/wp\/v2\/media?parent=7757"}],"wp:term":[{"taxonomy":"category","embeddable":true,"href":"https:\/\/vienibaspsk.lv\/index.php\/wp-json\/wp\/v2\/categories?post=7757"},{"taxonomy":"post_tag","embeddable":true,"href":"https:\/\/vienibaspsk.lv\/index.php\/wp-json\/wp\/v2\/tags?post=7757"}],"curies":[{"name":"wp","href":"https:\/\/api.w.org\/{rel}","templated":true}]}}