{"id":6077,"date":"2022-12-29T10:11:44","date_gmt":"2022-12-29T08:11:44","guid":{"rendered":"https:\/\/vienibaspsk.lv\/?p=6077"},"modified":"2022-12-29T11:52:15","modified_gmt":"2022-12-29T09:52:15","slug":"pateiciba-par-dalibu-starptautiska-projekta-baltu-literaturas-nedela-2","status":"publish","type":"post","link":"https:\/\/vienibaspsk.lv\/index.php\/2022\/12\/29\/pateiciba-par-dalibu-starptautiska-projekta-baltu-literaturas-nedela-2\/","title":{"rendered":"Pateic\u012bba par dal\u012bbu starptautisk\u0101 projekt\u0101 \u201cBaltu literat\u016bras ned\u0113\u013ca\u201d"},"content":{"rendered":"<p><img loading=\"lazy\" decoding=\"async\" class=\"size-medium wp-image-6078 aligncenter\" src=\"https:\/\/vienibaspsk.lv\/wp-content\/uploads\/2022\/12\/BaltuLiteraturasNedela-300x225.jpg\" alt=\"BaltuLiteraturasNedela2022\" width=\"300\" height=\"225\" srcset=\"https:\/\/vienibaspsk.lv\/wp-content\/uploads\/2022\/12\/BaltuLiteraturasNedela-300x225.jpg 300w, https:\/\/vienibaspsk.lv\/wp-content\/uploads\/2022\/12\/BaltuLiteraturasNedela-768x576.jpg 768w, https:\/\/vienibaspsk.lv\/wp-content\/uploads\/2022\/12\/BaltuLiteraturasNedela.jpg 960w\" sizes=\"auto, (max-width: 300px) 100vw, 300px\" \/><\/p>\n<p><span style=\"color: #000000;\">Ziemassv\u0113tkos esam sa\u0146\u0113mu\u0161i pateic\u012bbas un v\u0113rt\u012bgas d\u0101vanas no starptautisk\u0101 projekta \u201cBaltu literat\u016bras ned\u0113\u013ca 2022\u201dorganizatoriem.<\/span><\/p>\n<p><span style=\"color: #000000;\">&nbsp;&nbsp;&nbsp;&nbsp; Projekta m\u0113r\u0137is \u2013 stiprin\u0101t skol\u0113nu motiv\u0101ciju las\u012bt, aicinot iepaz\u012bt radniec\u012bgu tautu \u2013 lietuvie\u0161u un latvie\u0161u \u2013 valodu, literat\u016bru, kult\u016bru, v\u0113sturi, k\u0101 ar\u012b aicinot nodibin\u0101t un patur\u0113t Lietuvas un Latvijas skolu savstarp\u0113jos sakarus.<\/span><\/p>\n<p><span style=\"color: #000000;\">&nbsp; Sirsn\u012bgi pateicamies par jaukaj\u0101m d\u0101van\u0101m, \u012bpa\u0161i lietuvie\u0161u autoru gr\u0101mat\u0101m, kuras papildin\u0101s skolas bibliot\u0113kas kr\u0101jumu un kuras, lasot un p\u0101rrun\u0101jot taj\u0101s izlas\u012bto, v\u0113l vair\u0101k satuvin\u0101s m\u016bsu tautas.<\/span><\/p>\n<p><img loading=\"lazy\" decoding=\"async\" class=\"alignnone wp-image-6079\" src=\"https:\/\/vienibaspsk.lv\/wp-content\/uploads\/2022\/12\/1672227204603-1-300x225.jpg\" alt=\"BaltuLieteraturasNedela2022Gramatas\" width=\"547\" height=\"410\" srcset=\"https:\/\/vienibaspsk.lv\/wp-content\/uploads\/2022\/12\/1672227204603-1-300x225.jpg 300w, https:\/\/vienibaspsk.lv\/wp-content\/uploads\/2022\/12\/1672227204603-1-1024x767.jpg 1024w, https:\/\/vienibaspsk.lv\/wp-content\/uploads\/2022\/12\/1672227204603-1-768x576.jpg 768w, https:\/\/vienibaspsk.lv\/wp-content\/uploads\/2022\/12\/1672227204603-1-1536x1151.jpg 1536w, https:\/\/vienibaspsk.lv\/wp-content\/uploads\/2022\/12\/1672227204603-1-2048x1535.jpg 2048w\" sizes=\"auto, (max-width: 547px) 100vw, 547px\" \/><\/p>\n<p><strong>&nbsp;<\/strong><\/p>\n<p style=\"text-align: center;\"><strong>PROJEKTA \u201eBALTU LITERAT\u016aRAS NED\u0112\u013bA<\/strong>\u201d<strong> 2022. ATBALST\u012aT\u0100JU SARAKSTS<\/strong><\/p>\n<p><strong>Projekta organizatori:<\/strong> <a href=\"https:\/\/www.zeimiai.jonava.lm.lt\/naujas\/\">Jonavas rajona \u017deimju skola-daudzfunkciju centrs<\/a>, <a href=\"https:\/\/www.vdu.lt\/lt\/\">V\u012btauta Di\u017e\u0101 universit\u0101te<\/a><\/p>\n<p><strong>Projekta partneri:<\/strong> <a href=\"https:\/\/www.mfa.gov.lv\/vilnius\/aktualitates\">Latvijas Republikas v\u0113stniec\u012bba Lietuv<\/a>\u0101, <a href=\"https:\/\/lv.mfa.lt\/\">Lietuvas Republikas v\u0113stniec\u012bba Latvij<\/a>\u0101, <a href=\"https:\/\/www.jonava.lt\/pradzia\">Jonavas rajona pa\u0161vald\u012bba<\/a> , <a href=\"https:\/\/www.visitsiauliai.lt\/lv\/\">\u0160au\u013cu T\u016brisma inform\u0101cijas centrs<\/a>, <a href=\"https:\/\/www.baltukelias.lt\/\">projekts \u201cBaltu ce\u013c\u0161\u201d<\/a><\/p>\n<p><strong>Projekta atbalst\u012bt\u0101ji:<\/strong> <a href=\"https:\/\/www.kafijasdraugs.lv\/\">Kafijas Draugs<\/a>, <a href=\"https:\/\/rttax.com\/lv\/\">RTTAX<\/a>, <a href=\"https:\/\/www.save24.lv\/lv\/\">Save24<\/a><\/p>\n<p>&#8212;&#8212;&#8212;&#8212;&#8212;&#8212;&#8212;&#8212;&#8212;&#8212;&#8212;&#8212;&#8212;&#8212;&#8212;&#8212;&#8212;&#8212;&#8212;&#8212;&#8212;&#8212;&#8212;&#8212;&#8212;&#8212;&#8212;&#8212;&#8212;&#8212;&#8212;&#8212;&#8212;&#8212;&#8212;&#8212;<\/p>\n<p>Projekta feisbuka grupa: <a href=\"https:\/\/www.facebook.com\/groups\/276831082747361\">https:\/\/www.facebook.com\/groups\/276831082747361<\/a><\/p>\n<p><strong>Projekta organizatori:<\/strong><\/p>\n<p>Jonavas rajona \u017deimju skola-daudzfunkciju centrs: <a href=\"https:\/\/www.zeimiai.jonava.lm.lt\/naujas\/\">https:\/\/www.zeimiai.jonava.lm.lt\/naujas\/<\/a><br \/>\nV\u012btauta Di\u017e\u0101 universit\u0101te: <a href=\"https:\/\/www.vdu.lt\/lt\/\">https:\/\/www.vdu.lt\/lt\/<\/a><\/p>\n<p><strong>Projekta partneri:<\/strong><\/p>\n<p>Latvijas Republikas v\u0113stniec\u012bba Lietuv\u0101: <a href=\"https:\/\/www.mfa.gov.lv\/vilnius\/aktualitates\">https:\/\/www.mfa.gov.lv\/vilnius\/aktualitates<\/a><br \/>\nLietuvas Republikas v\u0113stniec\u012bba Latvij\u0101: <a href=\"https:\/\/lv.mfa.lt\/\">https:\/\/lv.mfa.lt\/<\/a><br \/>\nJonavas rajona pa\u0161vald\u012bba: <a href=\"https:\/\/www.jonava.lt\/pradzia\">https:\/\/www.jonava.lt\/pradzia<\/a><br \/>\n\u0160au\u013cu T\u016brisma inform\u0101cijas centrs: <a class=\"x1fey0fg xmper1u x1edh9d7\" href=\"https:\/\/www.visitsiauliai.lt\/lv\/\">https:\/\/www.visitsiauliai.lt\/lv\/<\/a><br \/>\nProjekts \u201eBaltu ce\u013c\u0161\u201d: <a class=\"x1fey0fg xmper1u x1edh9d7\" href=\"https:\/\/www.baltukelias.lt\/\">https:\/\/www.baltukelias.lt\/<\/a><\/p>\n<p><strong>Atbalst\u012bt\u0101ji: <\/strong><\/p>\n<p>Kafijas Draugs: <a href=\"https:\/\/mailtrack.io\/trace\/link\/c2fb44eb65acc90673912e114fd15ba657ab5be9?url=https%3A%2F%2Fwww.kafijasdraugs.lv%2F&amp;userId=3827122&amp;signature=cfb3ae91ee589fb0\">https:\/\/www.kafijasdraugs.lv\/<\/a><br \/>\nRTTAX: <a href=\"https:\/\/mailtrack.io\/trace\/link\/e5336c4c17b2dc28cb1c1bf99c0f5483bdade496?url=https%3A%2F%2Frttax.com%2Flv%2F&amp;userId=3827122&amp;signature=29cb7003ed5f6ade\">https:\/\/rttax.com\/lv\/<\/a><br \/>\nSave24: <a href=\"https:\/\/mailtrack.io\/trace\/link\/471f9871342fb81ccae8adfe92ee6036c39b0fb6?url=https%3A%2F%2Fwww.save24.lv%2Flv%2F&amp;userId=3827122&amp;signature=26e4f0a35867c507\">https:\/\/www.save24.lv\/lv\/<\/a><\/p>\n<p style=\"text-align: right;\"><em><span style=\"color: #000000;\">Inform\u0101ciju sagatavoja skolas bibliotek\u0101re<strong> Je\u013cena Celma<\/strong><\/span><\/em><\/p>\n","protected":false},"excerpt":{"rendered":"<p>Ziemassv\u0113tkos esam sa\u0146\u0113mu\u0161i pateic\u012bbas un v\u0113rt\u012bgas d\u0101vanas no starptautisk\u0101 projekta \u201cBaltu literat\u016bras ned\u0113\u013ca 2022\u201dorganizatoriem. &nbsp;&nbsp;&nbsp;&nbsp; Projekta m\u0113r\u0137is \u2013 stiprin\u0101t skol\u0113nu motiv\u0101ciju las\u012bt, aicinot iepaz\u012bt radniec\u012bgu tautu \u2013 lietuvie\u0161u un latvie\u0161u &#8230;<\/p>\n","protected":false},"author":2,"featured_media":6078,"comment_status":"closed","ping_status":"closed","sticky":false,"template":"","format":"standard","meta":{"_lmt_disableupdate":"no","_lmt_disable":"no","ngg_post_thumbnail":0,"footnotes":""},"categories":[30],"tags":[],"class_list":["post-6077","post","type-post","status-publish","format-standard","has-post-thumbnail","hentry","category-2022-2023-macibu-gads"],"yoast_head":"<!-- This site is optimized with the Yoast SEO plugin v18.3 - https:\/\/yoast.com\/wordpress\/plugins\/seo\/ -->\n<title>Pateic\u012bba par dal\u012bbu starptautisk\u0101 projekt\u0101 \u201cBaltu literat\u016bras ned\u0113\u013ca\u201d - Daugavpils Vien\u012bbas pamatskola<\/title>\n<meta name=\"robots\" content=\"index, follow, max-snippet:-1, max-image-preview:large, max-video-preview:-1\" \/>\n<link rel=\"canonical\" href=\"https:\/\/vienibaspsk.lv\/index.php\/2022\/12\/29\/pateiciba-par-dalibu-starptautiska-projekta-baltu-literaturas-nedela-2\/\" \/>\n<meta property=\"og:locale\" content=\"lv_LV\" \/>\n<meta property=\"og:type\" content=\"article\" \/>\n<meta property=\"og:title\" content=\"Pateic\u012bba par dal\u012bbu starptautisk\u0101 projekt\u0101 \u201cBaltu literat\u016bras ned\u0113\u013ca\u201d - Daugavpils Vien\u012bbas pamatskola\" \/>\n<meta property=\"og:description\" content=\"Ziemassv\u0113tkos esam sa\u0146\u0113mu\u0161i pateic\u012bbas un v\u0113rt\u012bgas d\u0101vanas no starptautisk\u0101 projekta \u201cBaltu literat\u016bras ned\u0113\u013ca 2022\u201dorganizatoriem. &nbsp;&nbsp;&nbsp;&nbsp; Projekta m\u0113r\u0137is \u2013 stiprin\u0101t skol\u0113nu motiv\u0101ciju las\u012bt, aicinot iepaz\u012bt radniec\u012bgu tautu \u2013 lietuvie\u0161u un latvie\u0161u ...\" \/>\n<meta property=\"og:url\" content=\"https:\/\/vienibaspsk.lv\/index.php\/2022\/12\/29\/pateiciba-par-dalibu-starptautiska-projekta-baltu-literaturas-nedela-2\/\" \/>\n<meta property=\"og:site_name\" content=\"Daugavpils Vien\u012bbas pamatskola\" \/>\n<meta property=\"article:published_time\" content=\"2022-12-29T08:11:44+00:00\" \/>\n<meta property=\"article:modified_time\" content=\"2022-12-29T09:52:15+00:00\" \/>\n<meta property=\"og:image\" content=\"https:\/\/vienibaspsk.lv\/wp-content\/uploads\/2022\/12\/BaltuLiteraturasNedela.jpg\" \/>\n\t<meta property=\"og:image:width\" content=\"960\" \/>\n\t<meta property=\"og:image:height\" content=\"720\" \/>\n\t<meta property=\"og:image:type\" content=\"image\/jpeg\" \/>\n<meta name=\"twitter:card\" content=\"summary_large_image\" \/>\n<meta name=\"twitter:label1\" content=\"Written by\" \/>\n\t<meta name=\"twitter:data1\" content=\"\u0112riks Macijevskis\" \/>\n\t<meta name=\"twitter:label2\" content=\"Est. reading time\" \/>\n\t<meta name=\"twitter:data2\" content=\"2 min\u016btes\" \/>\n<script type=\"application\/ld+json\" class=\"yoast-schema-graph\">{\"@context\":\"https:\/\/schema.org\",\"@graph\":[{\"@type\":\"WebSite\",\"@id\":\"https:\/\/vienibaspsk.lv\/#website\",\"url\":\"https:\/\/vienibaspsk.lv\/\",\"name\":\"Daugavpils Vien\u012bbas pamatskola\",\"description\":\"\",\"potentialAction\":[{\"@type\":\"SearchAction\",\"target\":{\"@type\":\"EntryPoint\",\"urlTemplate\":\"https:\/\/vienibaspsk.lv\/?s={search_term_string}\"},\"query-input\":\"required name=search_term_string\"}],\"inLanguage\":\"lv-LV\"},{\"@type\":\"ImageObject\",\"@id\":\"https:\/\/vienibaspsk.lv\/index.php\/2022\/12\/29\/pateiciba-par-dalibu-starptautiska-projekta-baltu-literaturas-nedela-2\/#primaryimage\",\"inLanguage\":\"lv-LV\",\"url\":\"https:\/\/vienibaspsk.lv\/wp-content\/uploads\/2022\/12\/BaltuLiteraturasNedela.jpg\",\"contentUrl\":\"https:\/\/vienibaspsk.lv\/wp-content\/uploads\/2022\/12\/BaltuLiteraturasNedela.jpg\",\"width\":960,\"height\":720,\"caption\":\"BaltuLiteraturasNedela2022\"},{\"@type\":\"WebPage\",\"@id\":\"https:\/\/vienibaspsk.lv\/index.php\/2022\/12\/29\/pateiciba-par-dalibu-starptautiska-projekta-baltu-literaturas-nedela-2\/#webpage\",\"url\":\"https:\/\/vienibaspsk.lv\/index.php\/2022\/12\/29\/pateiciba-par-dalibu-starptautiska-projekta-baltu-literaturas-nedela-2\/\",\"name\":\"Pateic\u012bba par dal\u012bbu starptautisk\u0101 projekt\u0101 \u201cBaltu literat\u016bras ned\u0113\u013ca\u201d - Daugavpils Vien\u012bbas pamatskola\",\"isPartOf\":{\"@id\":\"https:\/\/vienibaspsk.lv\/#website\"},\"primaryImageOfPage\":{\"@id\":\"https:\/\/vienibaspsk.lv\/index.php\/2022\/12\/29\/pateiciba-par-dalibu-starptautiska-projekta-baltu-literaturas-nedela-2\/#primaryimage\"},\"datePublished\":\"2022-12-29T08:11:44+00:00\",\"dateModified\":\"2022-12-29T09:52:15+00:00\",\"author\":{\"@id\":\"https:\/\/vienibaspsk.lv\/#\/schema\/person\/d047a0e61f9508152ab5e6f85a98c7c3\"},\"breadcrumb\":{\"@id\":\"https:\/\/vienibaspsk.lv\/index.php\/2022\/12\/29\/pateiciba-par-dalibu-starptautiska-projekta-baltu-literaturas-nedela-2\/#breadcrumb\"},\"inLanguage\":\"lv-LV\",\"potentialAction\":[{\"@type\":\"ReadAction\",\"target\":[\"https:\/\/vienibaspsk.lv\/index.php\/2022\/12\/29\/pateiciba-par-dalibu-starptautiska-projekta-baltu-literaturas-nedela-2\/\"]}]},{\"@type\":\"BreadcrumbList\",\"@id\":\"https:\/\/vienibaspsk.lv\/index.php\/2022\/12\/29\/pateiciba-par-dalibu-starptautiska-projekta-baltu-literaturas-nedela-2\/#breadcrumb\",\"itemListElement\":[{\"@type\":\"ListItem\",\"position\":1,\"name\":\"Galven\u0101\",\"item\":\"https:\/\/vienibaspsk.lv\/\"},{\"@type\":\"ListItem\",\"position\":2,\"name\":\"Pateic\u012bba par dal\u012bbu starptautisk\u0101 projekt\u0101 \u201cBaltu literat\u016bras ned\u0113\u013ca\u201d\"}]},{\"@type\":\"Person\",\"@id\":\"https:\/\/vienibaspsk.lv\/#\/schema\/person\/d047a0e61f9508152ab5e6f85a98c7c3\",\"name\":\"\u0112riks Macijevskis\",\"image\":{\"@type\":\"ImageObject\",\"@id\":\"https:\/\/vienibaspsk.lv\/#personlogo\",\"inLanguage\":\"lv-LV\",\"url\":\"https:\/\/secure.gravatar.com\/avatar\/29982a41dd109e1f84b875f119d056d0c6c0865cf3aa2a394c6bc26fe5f37e25?s=96&d=mm&r=g\",\"contentUrl\":\"https:\/\/secure.gravatar.com\/avatar\/29982a41dd109e1f84b875f119d056d0c6c0865cf3aa2a394c6bc26fe5f37e25?s=96&d=mm&r=g\",\"caption\":\"\u0112riks Macijevskis\"},\"url\":\"https:\/\/vienibaspsk.lv\/index.php\/author\/dvpsk\/\"}]}<\/script>\n<!-- \/ Yoast SEO plugin. -->","yoast_head_json":{"title":"Pateic\u012bba par dal\u012bbu starptautisk\u0101 projekt\u0101 \u201cBaltu literat\u016bras ned\u0113\u013ca\u201d - Daugavpils Vien\u012bbas pamatskola","robots":{"index":"index","follow":"follow","max-snippet":"max-snippet:-1","max-image-preview":"max-image-preview:large","max-video-preview":"max-video-preview:-1"},"canonical":"https:\/\/vienibaspsk.lv\/index.php\/2022\/12\/29\/pateiciba-par-dalibu-starptautiska-projekta-baltu-literaturas-nedela-2\/","og_locale":"lv_LV","og_type":"article","og_title":"Pateic\u012bba par dal\u012bbu starptautisk\u0101 projekt\u0101 \u201cBaltu literat\u016bras ned\u0113\u013ca\u201d - Daugavpils Vien\u012bbas pamatskola","og_description":"Ziemassv\u0113tkos esam sa\u0146\u0113mu\u0161i pateic\u012bbas un v\u0113rt\u012bgas d\u0101vanas no starptautisk\u0101 projekta \u201cBaltu literat\u016bras ned\u0113\u013ca 2022\u201dorganizatoriem. &nbsp;&nbsp;&nbsp;&nbsp; Projekta m\u0113r\u0137is \u2013 stiprin\u0101t skol\u0113nu motiv\u0101ciju las\u012bt, aicinot iepaz\u012bt radniec\u012bgu tautu \u2013 lietuvie\u0161u un latvie\u0161u ...","og_url":"https:\/\/vienibaspsk.lv\/index.php\/2022\/12\/29\/pateiciba-par-dalibu-starptautiska-projekta-baltu-literaturas-nedela-2\/","og_site_name":"Daugavpils Vien\u012bbas pamatskola","article_published_time":"2022-12-29T08:11:44+00:00","article_modified_time":"2022-12-29T09:52:15+00:00","og_image":[{"width":960,"height":720,"url":"https:\/\/vienibaspsk.lv\/wp-content\/uploads\/2022\/12\/BaltuLiteraturasNedela.jpg","type":"image\/jpeg"}],"twitter_card":"summary_large_image","twitter_misc":{"Written by":"\u0112riks Macijevskis","Est. reading time":"2 min\u016btes"},"schema":{"@context":"https:\/\/schema.org","@graph":[{"@type":"WebSite","@id":"https:\/\/vienibaspsk.lv\/#website","url":"https:\/\/vienibaspsk.lv\/","name":"Daugavpils Vien\u012bbas pamatskola","description":"","potentialAction":[{"@type":"SearchAction","target":{"@type":"EntryPoint","urlTemplate":"https:\/\/vienibaspsk.lv\/?s={search_term_string}"},"query-input":"required name=search_term_string"}],"inLanguage":"lv-LV"},{"@type":"ImageObject","@id":"https:\/\/vienibaspsk.lv\/index.php\/2022\/12\/29\/pateiciba-par-dalibu-starptautiska-projekta-baltu-literaturas-nedela-2\/#primaryimage","inLanguage":"lv-LV","url":"https:\/\/vienibaspsk.lv\/wp-content\/uploads\/2022\/12\/BaltuLiteraturasNedela.jpg","contentUrl":"https:\/\/vienibaspsk.lv\/wp-content\/uploads\/2022\/12\/BaltuLiteraturasNedela.jpg","width":960,"height":720,"caption":"BaltuLiteraturasNedela2022"},{"@type":"WebPage","@id":"https:\/\/vienibaspsk.lv\/index.php\/2022\/12\/29\/pateiciba-par-dalibu-starptautiska-projekta-baltu-literaturas-nedela-2\/#webpage","url":"https:\/\/vienibaspsk.lv\/index.php\/2022\/12\/29\/pateiciba-par-dalibu-starptautiska-projekta-baltu-literaturas-nedela-2\/","name":"Pateic\u012bba par dal\u012bbu starptautisk\u0101 projekt\u0101 \u201cBaltu literat\u016bras ned\u0113\u013ca\u201d - Daugavpils Vien\u012bbas pamatskola","isPartOf":{"@id":"https:\/\/vienibaspsk.lv\/#website"},"primaryImageOfPage":{"@id":"https:\/\/vienibaspsk.lv\/index.php\/2022\/12\/29\/pateiciba-par-dalibu-starptautiska-projekta-baltu-literaturas-nedela-2\/#primaryimage"},"datePublished":"2022-12-29T08:11:44+00:00","dateModified":"2022-12-29T09:52:15+00:00","author":{"@id":"https:\/\/vienibaspsk.lv\/#\/schema\/person\/d047a0e61f9508152ab5e6f85a98c7c3"},"breadcrumb":{"@id":"https:\/\/vienibaspsk.lv\/index.php\/2022\/12\/29\/pateiciba-par-dalibu-starptautiska-projekta-baltu-literaturas-nedela-2\/#breadcrumb"},"inLanguage":"lv-LV","potentialAction":[{"@type":"ReadAction","target":["https:\/\/vienibaspsk.lv\/index.php\/2022\/12\/29\/pateiciba-par-dalibu-starptautiska-projekta-baltu-literaturas-nedela-2\/"]}]},{"@type":"BreadcrumbList","@id":"https:\/\/vienibaspsk.lv\/index.php\/2022\/12\/29\/pateiciba-par-dalibu-starptautiska-projekta-baltu-literaturas-nedela-2\/#breadcrumb","itemListElement":[{"@type":"ListItem","position":1,"name":"Galven\u0101","item":"https:\/\/vienibaspsk.lv\/"},{"@type":"ListItem","position":2,"name":"Pateic\u012bba par dal\u012bbu starptautisk\u0101 projekt\u0101 \u201cBaltu literat\u016bras ned\u0113\u013ca\u201d"}]},{"@type":"Person","@id":"https:\/\/vienibaspsk.lv\/#\/schema\/person\/d047a0e61f9508152ab5e6f85a98c7c3","name":"\u0112riks Macijevskis","image":{"@type":"ImageObject","@id":"https:\/\/vienibaspsk.lv\/#personlogo","inLanguage":"lv-LV","url":"https:\/\/secure.gravatar.com\/avatar\/29982a41dd109e1f84b875f119d056d0c6c0865cf3aa2a394c6bc26fe5f37e25?s=96&d=mm&r=g","contentUrl":"https:\/\/secure.gravatar.com\/avatar\/29982a41dd109e1f84b875f119d056d0c6c0865cf3aa2a394c6bc26fe5f37e25?s=96&d=mm&r=g","caption":"\u0112riks Macijevskis"},"url":"https:\/\/vienibaspsk.lv\/index.php\/author\/dvpsk\/"}]}},"modified_by":"\u0112riks Macijevskis","_links":{"self":[{"href":"https:\/\/vienibaspsk.lv\/index.php\/wp-json\/wp\/v2\/posts\/6077","targetHints":{"allow":["GET"]}}],"collection":[{"href":"https:\/\/vienibaspsk.lv\/index.php\/wp-json\/wp\/v2\/posts"}],"about":[{"href":"https:\/\/vienibaspsk.lv\/index.php\/wp-json\/wp\/v2\/types\/post"}],"author":[{"embeddable":true,"href":"https:\/\/vienibaspsk.lv\/index.php\/wp-json\/wp\/v2\/users\/2"}],"replies":[{"embeddable":true,"href":"https:\/\/vienibaspsk.lv\/index.php\/wp-json\/wp\/v2\/comments?post=6077"}],"version-history":[{"count":4,"href":"https:\/\/vienibaspsk.lv\/index.php\/wp-json\/wp\/v2\/posts\/6077\/revisions"}],"predecessor-version":[{"id":6083,"href":"https:\/\/vienibaspsk.lv\/index.php\/wp-json\/wp\/v2\/posts\/6077\/revisions\/6083"}],"wp:featuredmedia":[{"embeddable":true,"href":"https:\/\/vienibaspsk.lv\/index.php\/wp-json\/wp\/v2\/media\/6078"}],"wp:attachment":[{"href":"https:\/\/vienibaspsk.lv\/index.php\/wp-json\/wp\/v2\/media?parent=6077"}],"wp:term":[{"taxonomy":"category","embeddable":true,"href":"https:\/\/vienibaspsk.lv\/index.php\/wp-json\/wp\/v2\/categories?post=6077"},{"taxonomy":"post_tag","embeddable":true,"href":"https:\/\/vienibaspsk.lv\/index.php\/wp-json\/wp\/v2\/tags?post=6077"}],"curies":[{"name":"wp","href":"https:\/\/api.w.org\/{rel}","templated":true}]}}