{"id":4801,"date":"2022-02-22T09:33:22","date_gmt":"2022-02-22T07:33:22","guid":{"rendered":"https:\/\/vienibaspsk.lv\/?p=4801"},"modified":"2022-02-22T09:33:22","modified_gmt":"2022-02-22T07:33:22","slug":"klat-rudens-un-dzejas-dienas-2014","status":"publish","type":"post","link":"https:\/\/vienibaspsk.lv\/index.php\/2022\/02\/22\/klat-rudens-un-dzejas-dienas-2014\/","title":{"rendered":"Kl\u0101t rudens un Dzejas dienas 2014"},"content":{"rendered":"<p style=\"text-align: justify;\"><span style=\"color: #000000; font-family: arial, helvetica, sans-serif;\">Tradicion\u0101li katru gadu septembr\u012b tiek atz\u012bm\u0113tas Dzejas dienas. Ar\u012b \u0161is gads nav iz\u0146\u0113mums. M\u016bsu skol\u0101 Dzejas dienu ietvaros tika novad\u012btas Dzejas stundas, kur\u0101s skolot\u0101ji st\u0101st\u012bja par Dzejas dienu v\u0113sturi, tika las\u012bta da\u017e\u0101du autoru dzeja. Klas\u0113s un bibliot\u0113k\u0101 tika veidotas izst\u0101des. Skolas tre\u0161aj\u0101 st\u0101v\u0101 tika izveidota 8. kla\u0161u skol\u0113nu darbu &#8220;Vizualiz\u0113tais dzejolis&#8221; izst\u0101de. 9. kla\u0161u skol\u0113ni tik\u0101s ar dzejnieci Egitu Ter\u0113zi Jon\u0101ni, kura gan las\u012bja savus darbus, gan rosin\u0101ja skol\u0113nus pa\u0161us sacer\u0113t haikas. Interesanta un aizraujo\u0161a bija ar\u012b 8. kla\u0161u skol\u0113nu tik\u0161an\u0101s ar topo\u0161o dzejnieci, biju\u0161o m\u016bsu skolas audz\u0113kni Al\u012bsi O\u013ce\u0146inu. Dzejas dienu noska\u0146a skol\u0101 bija interesanta un rado\u0161a.<\/span><\/p>\n<p><span style=\"color: #000000; font-family: arial, helvetica, sans-serif;\"><i>Latvie\u0161u valodas un m\u0101kslas jomas MK vad\u012bt\u0101ja I.Geiba<\/i><\/span><\/p>\n","protected":false},"excerpt":{"rendered":"<p>Tradicion\u0101li katru gadu septembr\u012b tiek atz\u012bm\u0113tas Dzejas dienas. Ar\u012b \u0161is gads nav iz\u0146\u0113mums. M\u016bsu skol\u0101 Dzejas dienu ietvaros tika novad\u012btas Dzejas stundas, kur\u0101s skolot\u0101ji st\u0101st\u012bja par Dzejas dienu v\u0113sturi, tika &#8230;<\/p>\n","protected":false},"author":3,"featured_media":3019,"comment_status":"closed","ping_status":"closed","sticky":false,"template":"","format":"standard","meta":{"_lmt_disableupdate":"","_lmt_disable":"","ngg_post_thumbnail":0,"footnotes":""},"categories":[23],"tags":[],"class_list":["post-4801","post","type-post","status-publish","format-standard","has-post-thumbnail","hentry","category-2014-2015-macibu-gads"],"yoast_head":"<!-- This site is optimized with the Yoast SEO plugin v18.3 - https:\/\/yoast.com\/wordpress\/plugins\/seo\/ -->\n<title>Kl\u0101t rudens un Dzejas dienas 2014 - Daugavpils Vien\u012bbas pamatskola<\/title>\n<meta name=\"robots\" content=\"index, follow, max-snippet:-1, max-image-preview:large, max-video-preview:-1\" \/>\n<link rel=\"canonical\" href=\"https:\/\/vienibaspsk.lv\/index.php\/2022\/02\/22\/klat-rudens-un-dzejas-dienas-2014\/\" \/>\n<meta property=\"og:locale\" content=\"lv_LV\" \/>\n<meta property=\"og:type\" content=\"article\" \/>\n<meta property=\"og:title\" content=\"Kl\u0101t rudens un Dzejas dienas 2014 - Daugavpils Vien\u012bbas pamatskola\" \/>\n<meta property=\"og:description\" content=\"Tradicion\u0101li katru gadu septembr\u012b tiek atz\u012bm\u0113tas Dzejas dienas. Ar\u012b \u0161is gads nav iz\u0146\u0113mums. M\u016bsu skol\u0101 Dzejas dienu ietvaros tika novad\u012btas Dzejas stundas, kur\u0101s skolot\u0101ji st\u0101st\u012bja par Dzejas dienu v\u0113sturi, tika ...\" \/>\n<meta property=\"og:url\" content=\"https:\/\/vienibaspsk.lv\/index.php\/2022\/02\/22\/klat-rudens-un-dzejas-dienas-2014\/\" \/>\n<meta property=\"og:site_name\" content=\"Daugavpils Vien\u012bbas pamatskola\" \/>\n<meta property=\"article:published_time\" content=\"2022-02-22T07:33:22+00:00\" \/>\n<meta property=\"og:image\" content=\"https:\/\/vienibaspsk.lv\/wp-content\/uploads\/2021\/05\/dvpsk_default_featureimage.jpg\" \/>\n\t<meta property=\"og:image:width\" content=\"712\" \/>\n\t<meta property=\"og:image:height\" content=\"400\" \/>\n\t<meta property=\"og:image:type\" content=\"image\/jpeg\" \/>\n<meta name=\"twitter:card\" content=\"summary_large_image\" \/>\n<meta name=\"twitter:label1\" content=\"Written by\" \/>\n\t<meta name=\"twitter:data1\" content=\"Arturs Stabulnieks\" \/>\n\t<meta name=\"twitter:label2\" content=\"Est. reading time\" \/>\n\t<meta name=\"twitter:data2\" content=\"1 min\u016bte\" \/>\n<script type=\"application\/ld+json\" class=\"yoast-schema-graph\">{\"@context\":\"https:\/\/schema.org\",\"@graph\":[{\"@type\":\"WebSite\",\"@id\":\"https:\/\/vienibaspsk.lv\/#website\",\"url\":\"https:\/\/vienibaspsk.lv\/\",\"name\":\"Daugavpils Vien\u012bbas pamatskola\",\"description\":\"\",\"potentialAction\":[{\"@type\":\"SearchAction\",\"target\":{\"@type\":\"EntryPoint\",\"urlTemplate\":\"https:\/\/vienibaspsk.lv\/?s={search_term_string}\"},\"query-input\":\"required name=search_term_string\"}],\"inLanguage\":\"lv-LV\"},{\"@type\":\"ImageObject\",\"@id\":\"https:\/\/vienibaspsk.lv\/index.php\/2022\/02\/22\/klat-rudens-un-dzejas-dienas-2014\/#primaryimage\",\"inLanguage\":\"lv-LV\",\"url\":\"https:\/\/vienibaspsk.lv\/wp-content\/uploads\/2021\/05\/dvpsk_default_featureimage.jpg\",\"contentUrl\":\"https:\/\/vienibaspsk.lv\/wp-content\/uploads\/2021\/05\/dvpsk_default_featureimage.jpg\",\"width\":712,\"height\":400,\"caption\":\"Daugavpils Vien\u012bbas pamatskolas raksts\"},{\"@type\":\"WebPage\",\"@id\":\"https:\/\/vienibaspsk.lv\/index.php\/2022\/02\/22\/klat-rudens-un-dzejas-dienas-2014\/#webpage\",\"url\":\"https:\/\/vienibaspsk.lv\/index.php\/2022\/02\/22\/klat-rudens-un-dzejas-dienas-2014\/\",\"name\":\"Kl\u0101t rudens un Dzejas dienas 2014 - Daugavpils Vien\u012bbas pamatskola\",\"isPartOf\":{\"@id\":\"https:\/\/vienibaspsk.lv\/#website\"},\"primaryImageOfPage\":{\"@id\":\"https:\/\/vienibaspsk.lv\/index.php\/2022\/02\/22\/klat-rudens-un-dzejas-dienas-2014\/#primaryimage\"},\"datePublished\":\"2022-02-22T07:33:22+00:00\",\"dateModified\":\"2022-02-22T07:33:22+00:00\",\"author\":{\"@id\":\"https:\/\/vienibaspsk.lv\/#\/schema\/person\/0614773414e618c7c13592a97592bf48\"},\"breadcrumb\":{\"@id\":\"https:\/\/vienibaspsk.lv\/index.php\/2022\/02\/22\/klat-rudens-un-dzejas-dienas-2014\/#breadcrumb\"},\"inLanguage\":\"lv-LV\",\"potentialAction\":[{\"@type\":\"ReadAction\",\"target\":[\"https:\/\/vienibaspsk.lv\/index.php\/2022\/02\/22\/klat-rudens-un-dzejas-dienas-2014\/\"]}]},{\"@type\":\"BreadcrumbList\",\"@id\":\"https:\/\/vienibaspsk.lv\/index.php\/2022\/02\/22\/klat-rudens-un-dzejas-dienas-2014\/#breadcrumb\",\"itemListElement\":[{\"@type\":\"ListItem\",\"position\":1,\"name\":\"Galven\u0101\",\"item\":\"https:\/\/vienibaspsk.lv\/\"},{\"@type\":\"ListItem\",\"position\":2,\"name\":\"Kl\u0101t rudens un Dzejas dienas 2014\"}]},{\"@type\":\"Person\",\"@id\":\"https:\/\/vienibaspsk.lv\/#\/schema\/person\/0614773414e618c7c13592a97592bf48\",\"name\":\"Arturs Stabulnieks\",\"image\":{\"@type\":\"ImageObject\",\"@id\":\"https:\/\/vienibaspsk.lv\/#personlogo\",\"inLanguage\":\"lv-LV\",\"url\":\"https:\/\/secure.gravatar.com\/avatar\/35d6d193b35a3810562734b66a6d52427a85929adf4cc999dc080bff3daa9e57?s=96&d=mm&r=g\",\"contentUrl\":\"https:\/\/secure.gravatar.com\/avatar\/35d6d193b35a3810562734b66a6d52427a85929adf4cc999dc080bff3daa9e57?s=96&d=mm&r=g\",\"caption\":\"Arturs Stabulnieks\"},\"sameAs\":[\"http:\/\/www.vienibaspsk.lv\"],\"url\":\"https:\/\/vienibaspsk.lv\/index.php\/author\/root\/\"}]}<\/script>\n<!-- \/ Yoast SEO plugin. -->","yoast_head_json":{"title":"Kl\u0101t rudens un Dzejas dienas 2014 - Daugavpils Vien\u012bbas pamatskola","robots":{"index":"index","follow":"follow","max-snippet":"max-snippet:-1","max-image-preview":"max-image-preview:large","max-video-preview":"max-video-preview:-1"},"canonical":"https:\/\/vienibaspsk.lv\/index.php\/2022\/02\/22\/klat-rudens-un-dzejas-dienas-2014\/","og_locale":"lv_LV","og_type":"article","og_title":"Kl\u0101t rudens un Dzejas dienas 2014 - Daugavpils Vien\u012bbas pamatskola","og_description":"Tradicion\u0101li katru gadu septembr\u012b tiek atz\u012bm\u0113tas Dzejas dienas. Ar\u012b \u0161is gads nav iz\u0146\u0113mums. M\u016bsu skol\u0101 Dzejas dienu ietvaros tika novad\u012btas Dzejas stundas, kur\u0101s skolot\u0101ji st\u0101st\u012bja par Dzejas dienu v\u0113sturi, tika ...","og_url":"https:\/\/vienibaspsk.lv\/index.php\/2022\/02\/22\/klat-rudens-un-dzejas-dienas-2014\/","og_site_name":"Daugavpils Vien\u012bbas pamatskola","article_published_time":"2022-02-22T07:33:22+00:00","og_image":[{"width":712,"height":400,"url":"https:\/\/vienibaspsk.lv\/wp-content\/uploads\/2021\/05\/dvpsk_default_featureimage.jpg","type":"image\/jpeg"}],"twitter_card":"summary_large_image","twitter_misc":{"Written by":"Arturs Stabulnieks","Est. reading time":"1 min\u016bte"},"schema":{"@context":"https:\/\/schema.org","@graph":[{"@type":"WebSite","@id":"https:\/\/vienibaspsk.lv\/#website","url":"https:\/\/vienibaspsk.lv\/","name":"Daugavpils Vien\u012bbas pamatskola","description":"","potentialAction":[{"@type":"SearchAction","target":{"@type":"EntryPoint","urlTemplate":"https:\/\/vienibaspsk.lv\/?s={search_term_string}"},"query-input":"required name=search_term_string"}],"inLanguage":"lv-LV"},{"@type":"ImageObject","@id":"https:\/\/vienibaspsk.lv\/index.php\/2022\/02\/22\/klat-rudens-un-dzejas-dienas-2014\/#primaryimage","inLanguage":"lv-LV","url":"https:\/\/vienibaspsk.lv\/wp-content\/uploads\/2021\/05\/dvpsk_default_featureimage.jpg","contentUrl":"https:\/\/vienibaspsk.lv\/wp-content\/uploads\/2021\/05\/dvpsk_default_featureimage.jpg","width":712,"height":400,"caption":"Daugavpils Vien\u012bbas pamatskolas raksts"},{"@type":"WebPage","@id":"https:\/\/vienibaspsk.lv\/index.php\/2022\/02\/22\/klat-rudens-un-dzejas-dienas-2014\/#webpage","url":"https:\/\/vienibaspsk.lv\/index.php\/2022\/02\/22\/klat-rudens-un-dzejas-dienas-2014\/","name":"Kl\u0101t rudens un Dzejas dienas 2014 - Daugavpils Vien\u012bbas pamatskola","isPartOf":{"@id":"https:\/\/vienibaspsk.lv\/#website"},"primaryImageOfPage":{"@id":"https:\/\/vienibaspsk.lv\/index.php\/2022\/02\/22\/klat-rudens-un-dzejas-dienas-2014\/#primaryimage"},"datePublished":"2022-02-22T07:33:22+00:00","dateModified":"2022-02-22T07:33:22+00:00","author":{"@id":"https:\/\/vienibaspsk.lv\/#\/schema\/person\/0614773414e618c7c13592a97592bf48"},"breadcrumb":{"@id":"https:\/\/vienibaspsk.lv\/index.php\/2022\/02\/22\/klat-rudens-un-dzejas-dienas-2014\/#breadcrumb"},"inLanguage":"lv-LV","potentialAction":[{"@type":"ReadAction","target":["https:\/\/vienibaspsk.lv\/index.php\/2022\/02\/22\/klat-rudens-un-dzejas-dienas-2014\/"]}]},{"@type":"BreadcrumbList","@id":"https:\/\/vienibaspsk.lv\/index.php\/2022\/02\/22\/klat-rudens-un-dzejas-dienas-2014\/#breadcrumb","itemListElement":[{"@type":"ListItem","position":1,"name":"Galven\u0101","item":"https:\/\/vienibaspsk.lv\/"},{"@type":"ListItem","position":2,"name":"Kl\u0101t rudens un Dzejas dienas 2014"}]},{"@type":"Person","@id":"https:\/\/vienibaspsk.lv\/#\/schema\/person\/0614773414e618c7c13592a97592bf48","name":"Arturs Stabulnieks","image":{"@type":"ImageObject","@id":"https:\/\/vienibaspsk.lv\/#personlogo","inLanguage":"lv-LV","url":"https:\/\/secure.gravatar.com\/avatar\/35d6d193b35a3810562734b66a6d52427a85929adf4cc999dc080bff3daa9e57?s=96&d=mm&r=g","contentUrl":"https:\/\/secure.gravatar.com\/avatar\/35d6d193b35a3810562734b66a6d52427a85929adf4cc999dc080bff3daa9e57?s=96&d=mm&r=g","caption":"Arturs Stabulnieks"},"sameAs":["http:\/\/www.vienibaspsk.lv"],"url":"https:\/\/vienibaspsk.lv\/index.php\/author\/root\/"}]}},"modified_by":null,"_links":{"self":[{"href":"https:\/\/vienibaspsk.lv\/index.php\/wp-json\/wp\/v2\/posts\/4801","targetHints":{"allow":["GET"]}}],"collection":[{"href":"https:\/\/vienibaspsk.lv\/index.php\/wp-json\/wp\/v2\/posts"}],"about":[{"href":"https:\/\/vienibaspsk.lv\/index.php\/wp-json\/wp\/v2\/types\/post"}],"author":[{"embeddable":true,"href":"https:\/\/vienibaspsk.lv\/index.php\/wp-json\/wp\/v2\/users\/3"}],"replies":[{"embeddable":true,"href":"https:\/\/vienibaspsk.lv\/index.php\/wp-json\/wp\/v2\/comments?post=4801"}],"version-history":[{"count":1,"href":"https:\/\/vienibaspsk.lv\/index.php\/wp-json\/wp\/v2\/posts\/4801\/revisions"}],"predecessor-version":[{"id":4802,"href":"https:\/\/vienibaspsk.lv\/index.php\/wp-json\/wp\/v2\/posts\/4801\/revisions\/4802"}],"wp:featuredmedia":[{"embeddable":true,"href":"https:\/\/vienibaspsk.lv\/index.php\/wp-json\/wp\/v2\/media\/3019"}],"wp:attachment":[{"href":"https:\/\/vienibaspsk.lv\/index.php\/wp-json\/wp\/v2\/media?parent=4801"}],"wp:term":[{"taxonomy":"category","embeddable":true,"href":"https:\/\/vienibaspsk.lv\/index.php\/wp-json\/wp\/v2\/categories?post=4801"},{"taxonomy":"post_tag","embeddable":true,"href":"https:\/\/vienibaspsk.lv\/index.php\/wp-json\/wp\/v2\/tags?post=4801"}],"curies":[{"name":"wp","href":"https:\/\/api.w.org\/{rel}","templated":true}]}}