{"id":4795,"date":"2022-02-22T09:31:20","date_gmt":"2022-02-22T07:31:20","guid":{"rendered":"https:\/\/vienibaspsk.lv\/?p=4795"},"modified":"2022-02-22T09:31:20","modified_gmt":"2022-02-22T07:31:20","slug":"2-septembris-adaptacijas-diena-skola","status":"publish","type":"post","link":"https:\/\/vienibaspsk.lv\/index.php\/2022\/02\/22\/2-septembris-adaptacijas-diena-skola\/","title":{"rendered":"2.septembris \u2013 adapt\u0101cijas diena skol\u0101"},"content":{"rendered":"<p style=\"text-align: justify;\"><span style=\"color: #000000; font-family: arial, helvetica, sans-serif;\">V\u0113sturiski bija izveidojusies skol\u0101 trad\u012bcija, ka pirmaj\u0101 m\u0101c\u012bbu ned\u0113\u013c\u0101 adapt\u0101cijas dienas notika 1.klas\u0113s, kad mazie pirmklasnieki iepazina skolu un tik\u0101s ar skolas darbiniekiem.<\/span><\/p>\n<p><span style=\"color: #000000; font-family: arial, helvetica, sans-serif;\">\u0160ogad adapt\u0101cijas diena notika vis\u0101 skol\u0101. 2.septernbr\u012b 1.stund\u0101 visiem skol\u0113niem bija iesp\u0113ja atk\u0101rtot skolas iek\u0161\u0113j\u0101s k\u0101rt\u012bbas noteikumus, iepaz\u012bties ar izmai\u0146\u0101m, atcer\u0113ties APU noteikumus.<\/span><\/p>\n<p><span style=\"color: #000000; font-family: arial, helvetica, sans-serif;\">P\u0101r\u0113j\u0101s stund\u0101s skol\u0113ni iepazin\u0101s ar priek\u0161metu skolot\u0101j\u0101m, apguva uzved\u012bbas noteikumus \u0113dn\u012bc\u0101 un notika tik\u0161an\u0101s ar skolas vad\u012bbu jaunizveidotaj\u0101 \u201eZa\u013caj\u0101 klas\u0113\u201d. Tik\u0161an\u0101s laik\u0101 skol\u0113ni uzzin\u0101ja \u0161\u012b gada m\u0101c\u012bbu un audzin\u0101\u0161anas darba aktualit\u0101tes, atcer\u0113j\u0101s skolas trad\u012bcijas, var\u0113ja uzdot jaut\u0101jumus un izteikt priek\u0161likumus skolas darba pilnveido\u0161anai.<\/span><\/p>\n","protected":false},"excerpt":{"rendered":"<p>V\u0113sturiski bija izveidojusies skol\u0101 trad\u012bcija, ka pirmaj\u0101 m\u0101c\u012bbu ned\u0113\u013c\u0101 adapt\u0101cijas dienas notika 1.klas\u0113s, kad mazie pirmklasnieki iepazina skolu un tik\u0101s ar skolas darbiniekiem. \u0160ogad adapt\u0101cijas diena notika vis\u0101 skol\u0101. 2.septernbr\u012b &#8230;<\/p>\n","protected":false},"author":3,"featured_media":3019,"comment_status":"closed","ping_status":"closed","sticky":false,"template":"","format":"standard","meta":{"_lmt_disableupdate":"","_lmt_disable":"","ngg_post_thumbnail":0,"footnotes":""},"categories":[23],"tags":[],"class_list":["post-4795","post","type-post","status-publish","format-standard","has-post-thumbnail","hentry","category-2014-2015-macibu-gads"],"yoast_head":"<!-- This site is optimized with the Yoast SEO plugin v18.3 - https:\/\/yoast.com\/wordpress\/plugins\/seo\/ -->\n<title>2.septembris \u2013 adapt\u0101cijas diena skol\u0101 - Daugavpils Vien\u012bbas pamatskola<\/title>\n<meta name=\"robots\" content=\"index, follow, max-snippet:-1, max-image-preview:large, max-video-preview:-1\" \/>\n<link rel=\"canonical\" href=\"https:\/\/vienibaspsk.lv\/index.php\/2022\/02\/22\/2-septembris-adaptacijas-diena-skola\/\" \/>\n<meta property=\"og:locale\" content=\"lv_LV\" \/>\n<meta property=\"og:type\" content=\"article\" \/>\n<meta property=\"og:title\" content=\"2.septembris \u2013 adapt\u0101cijas diena skol\u0101 - Daugavpils Vien\u012bbas pamatskola\" \/>\n<meta property=\"og:description\" content=\"V\u0113sturiski bija izveidojusies skol\u0101 trad\u012bcija, ka pirmaj\u0101 m\u0101c\u012bbu ned\u0113\u013c\u0101 adapt\u0101cijas dienas notika 1.klas\u0113s, kad mazie pirmklasnieki iepazina skolu un tik\u0101s ar skolas darbiniekiem. \u0160ogad adapt\u0101cijas diena notika vis\u0101 skol\u0101. 2.septernbr\u012b ...\" \/>\n<meta property=\"og:url\" content=\"https:\/\/vienibaspsk.lv\/index.php\/2022\/02\/22\/2-septembris-adaptacijas-diena-skola\/\" \/>\n<meta property=\"og:site_name\" content=\"Daugavpils Vien\u012bbas pamatskola\" \/>\n<meta property=\"article:published_time\" content=\"2022-02-22T07:31:20+00:00\" \/>\n<meta property=\"og:image\" content=\"https:\/\/vienibaspsk.lv\/wp-content\/uploads\/2021\/05\/dvpsk_default_featureimage.jpg\" \/>\n\t<meta property=\"og:image:width\" content=\"712\" \/>\n\t<meta property=\"og:image:height\" content=\"400\" \/>\n\t<meta property=\"og:image:type\" content=\"image\/jpeg\" \/>\n<meta name=\"twitter:card\" content=\"summary_large_image\" \/>\n<meta name=\"twitter:label1\" content=\"Written by\" \/>\n\t<meta name=\"twitter:data1\" content=\"Arturs Stabulnieks\" \/>\n\t<meta name=\"twitter:label2\" content=\"Est. reading time\" \/>\n\t<meta name=\"twitter:data2\" content=\"1 min\u016bte\" \/>\n<script type=\"application\/ld+json\" class=\"yoast-schema-graph\">{\"@context\":\"https:\/\/schema.org\",\"@graph\":[{\"@type\":\"WebSite\",\"@id\":\"https:\/\/vienibaspsk.lv\/#website\",\"url\":\"https:\/\/vienibaspsk.lv\/\",\"name\":\"Daugavpils Vien\u012bbas pamatskola\",\"description\":\"\",\"potentialAction\":[{\"@type\":\"SearchAction\",\"target\":{\"@type\":\"EntryPoint\",\"urlTemplate\":\"https:\/\/vienibaspsk.lv\/?s={search_term_string}\"},\"query-input\":\"required name=search_term_string\"}],\"inLanguage\":\"lv-LV\"},{\"@type\":\"ImageObject\",\"@id\":\"https:\/\/vienibaspsk.lv\/index.php\/2022\/02\/22\/2-septembris-adaptacijas-diena-skola\/#primaryimage\",\"inLanguage\":\"lv-LV\",\"url\":\"https:\/\/vienibaspsk.lv\/wp-content\/uploads\/2021\/05\/dvpsk_default_featureimage.jpg\",\"contentUrl\":\"https:\/\/vienibaspsk.lv\/wp-content\/uploads\/2021\/05\/dvpsk_default_featureimage.jpg\",\"width\":712,\"height\":400,\"caption\":\"Daugavpils Vien\u012bbas pamatskolas raksts\"},{\"@type\":\"WebPage\",\"@id\":\"https:\/\/vienibaspsk.lv\/index.php\/2022\/02\/22\/2-septembris-adaptacijas-diena-skola\/#webpage\",\"url\":\"https:\/\/vienibaspsk.lv\/index.php\/2022\/02\/22\/2-septembris-adaptacijas-diena-skola\/\",\"name\":\"2.septembris \u2013 adapt\u0101cijas diena skol\u0101 - Daugavpils Vien\u012bbas pamatskola\",\"isPartOf\":{\"@id\":\"https:\/\/vienibaspsk.lv\/#website\"},\"primaryImageOfPage\":{\"@id\":\"https:\/\/vienibaspsk.lv\/index.php\/2022\/02\/22\/2-septembris-adaptacijas-diena-skola\/#primaryimage\"},\"datePublished\":\"2022-02-22T07:31:20+00:00\",\"dateModified\":\"2022-02-22T07:31:20+00:00\",\"author\":{\"@id\":\"https:\/\/vienibaspsk.lv\/#\/schema\/person\/0614773414e618c7c13592a97592bf48\"},\"breadcrumb\":{\"@id\":\"https:\/\/vienibaspsk.lv\/index.php\/2022\/02\/22\/2-septembris-adaptacijas-diena-skola\/#breadcrumb\"},\"inLanguage\":\"lv-LV\",\"potentialAction\":[{\"@type\":\"ReadAction\",\"target\":[\"https:\/\/vienibaspsk.lv\/index.php\/2022\/02\/22\/2-septembris-adaptacijas-diena-skola\/\"]}]},{\"@type\":\"BreadcrumbList\",\"@id\":\"https:\/\/vienibaspsk.lv\/index.php\/2022\/02\/22\/2-septembris-adaptacijas-diena-skola\/#breadcrumb\",\"itemListElement\":[{\"@type\":\"ListItem\",\"position\":1,\"name\":\"Galven\u0101\",\"item\":\"https:\/\/vienibaspsk.lv\/\"},{\"@type\":\"ListItem\",\"position\":2,\"name\":\"2.septembris \u2013 adapt\u0101cijas diena skol\u0101\"}]},{\"@type\":\"Person\",\"@id\":\"https:\/\/vienibaspsk.lv\/#\/schema\/person\/0614773414e618c7c13592a97592bf48\",\"name\":\"Arturs Stabulnieks\",\"image\":{\"@type\":\"ImageObject\",\"@id\":\"https:\/\/vienibaspsk.lv\/#personlogo\",\"inLanguage\":\"lv-LV\",\"url\":\"https:\/\/secure.gravatar.com\/avatar\/35d6d193b35a3810562734b66a6d52427a85929adf4cc999dc080bff3daa9e57?s=96&d=mm&r=g\",\"contentUrl\":\"https:\/\/secure.gravatar.com\/avatar\/35d6d193b35a3810562734b66a6d52427a85929adf4cc999dc080bff3daa9e57?s=96&d=mm&r=g\",\"caption\":\"Arturs Stabulnieks\"},\"sameAs\":[\"http:\/\/www.vienibaspsk.lv\"],\"url\":\"https:\/\/vienibaspsk.lv\/index.php\/author\/root\/\"}]}<\/script>\n<!-- \/ Yoast SEO plugin. -->","yoast_head_json":{"title":"2.septembris \u2013 adapt\u0101cijas diena skol\u0101 - Daugavpils Vien\u012bbas pamatskola","robots":{"index":"index","follow":"follow","max-snippet":"max-snippet:-1","max-image-preview":"max-image-preview:large","max-video-preview":"max-video-preview:-1"},"canonical":"https:\/\/vienibaspsk.lv\/index.php\/2022\/02\/22\/2-septembris-adaptacijas-diena-skola\/","og_locale":"lv_LV","og_type":"article","og_title":"2.septembris \u2013 adapt\u0101cijas diena skol\u0101 - Daugavpils Vien\u012bbas pamatskola","og_description":"V\u0113sturiski bija izveidojusies skol\u0101 trad\u012bcija, ka pirmaj\u0101 m\u0101c\u012bbu ned\u0113\u013c\u0101 adapt\u0101cijas dienas notika 1.klas\u0113s, kad mazie pirmklasnieki iepazina skolu un tik\u0101s ar skolas darbiniekiem. \u0160ogad adapt\u0101cijas diena notika vis\u0101 skol\u0101. 2.septernbr\u012b ...","og_url":"https:\/\/vienibaspsk.lv\/index.php\/2022\/02\/22\/2-septembris-adaptacijas-diena-skola\/","og_site_name":"Daugavpils Vien\u012bbas pamatskola","article_published_time":"2022-02-22T07:31:20+00:00","og_image":[{"width":712,"height":400,"url":"https:\/\/vienibaspsk.lv\/wp-content\/uploads\/2021\/05\/dvpsk_default_featureimage.jpg","type":"image\/jpeg"}],"twitter_card":"summary_large_image","twitter_misc":{"Written by":"Arturs Stabulnieks","Est. reading time":"1 min\u016bte"},"schema":{"@context":"https:\/\/schema.org","@graph":[{"@type":"WebSite","@id":"https:\/\/vienibaspsk.lv\/#website","url":"https:\/\/vienibaspsk.lv\/","name":"Daugavpils Vien\u012bbas pamatskola","description":"","potentialAction":[{"@type":"SearchAction","target":{"@type":"EntryPoint","urlTemplate":"https:\/\/vienibaspsk.lv\/?s={search_term_string}"},"query-input":"required name=search_term_string"}],"inLanguage":"lv-LV"},{"@type":"ImageObject","@id":"https:\/\/vienibaspsk.lv\/index.php\/2022\/02\/22\/2-septembris-adaptacijas-diena-skola\/#primaryimage","inLanguage":"lv-LV","url":"https:\/\/vienibaspsk.lv\/wp-content\/uploads\/2021\/05\/dvpsk_default_featureimage.jpg","contentUrl":"https:\/\/vienibaspsk.lv\/wp-content\/uploads\/2021\/05\/dvpsk_default_featureimage.jpg","width":712,"height":400,"caption":"Daugavpils Vien\u012bbas pamatskolas raksts"},{"@type":"WebPage","@id":"https:\/\/vienibaspsk.lv\/index.php\/2022\/02\/22\/2-septembris-adaptacijas-diena-skola\/#webpage","url":"https:\/\/vienibaspsk.lv\/index.php\/2022\/02\/22\/2-septembris-adaptacijas-diena-skola\/","name":"2.septembris \u2013 adapt\u0101cijas diena skol\u0101 - Daugavpils Vien\u012bbas pamatskola","isPartOf":{"@id":"https:\/\/vienibaspsk.lv\/#website"},"primaryImageOfPage":{"@id":"https:\/\/vienibaspsk.lv\/index.php\/2022\/02\/22\/2-septembris-adaptacijas-diena-skola\/#primaryimage"},"datePublished":"2022-02-22T07:31:20+00:00","dateModified":"2022-02-22T07:31:20+00:00","author":{"@id":"https:\/\/vienibaspsk.lv\/#\/schema\/person\/0614773414e618c7c13592a97592bf48"},"breadcrumb":{"@id":"https:\/\/vienibaspsk.lv\/index.php\/2022\/02\/22\/2-septembris-adaptacijas-diena-skola\/#breadcrumb"},"inLanguage":"lv-LV","potentialAction":[{"@type":"ReadAction","target":["https:\/\/vienibaspsk.lv\/index.php\/2022\/02\/22\/2-septembris-adaptacijas-diena-skola\/"]}]},{"@type":"BreadcrumbList","@id":"https:\/\/vienibaspsk.lv\/index.php\/2022\/02\/22\/2-septembris-adaptacijas-diena-skola\/#breadcrumb","itemListElement":[{"@type":"ListItem","position":1,"name":"Galven\u0101","item":"https:\/\/vienibaspsk.lv\/"},{"@type":"ListItem","position":2,"name":"2.septembris \u2013 adapt\u0101cijas diena skol\u0101"}]},{"@type":"Person","@id":"https:\/\/vienibaspsk.lv\/#\/schema\/person\/0614773414e618c7c13592a97592bf48","name":"Arturs Stabulnieks","image":{"@type":"ImageObject","@id":"https:\/\/vienibaspsk.lv\/#personlogo","inLanguage":"lv-LV","url":"https:\/\/secure.gravatar.com\/avatar\/35d6d193b35a3810562734b66a6d52427a85929adf4cc999dc080bff3daa9e57?s=96&d=mm&r=g","contentUrl":"https:\/\/secure.gravatar.com\/avatar\/35d6d193b35a3810562734b66a6d52427a85929adf4cc999dc080bff3daa9e57?s=96&d=mm&r=g","caption":"Arturs Stabulnieks"},"sameAs":["http:\/\/www.vienibaspsk.lv"],"url":"https:\/\/vienibaspsk.lv\/index.php\/author\/root\/"}]}},"modified_by":null,"_links":{"self":[{"href":"https:\/\/vienibaspsk.lv\/index.php\/wp-json\/wp\/v2\/posts\/4795","targetHints":{"allow":["GET"]}}],"collection":[{"href":"https:\/\/vienibaspsk.lv\/index.php\/wp-json\/wp\/v2\/posts"}],"about":[{"href":"https:\/\/vienibaspsk.lv\/index.php\/wp-json\/wp\/v2\/types\/post"}],"author":[{"embeddable":true,"href":"https:\/\/vienibaspsk.lv\/index.php\/wp-json\/wp\/v2\/users\/3"}],"replies":[{"embeddable":true,"href":"https:\/\/vienibaspsk.lv\/index.php\/wp-json\/wp\/v2\/comments?post=4795"}],"version-history":[{"count":1,"href":"https:\/\/vienibaspsk.lv\/index.php\/wp-json\/wp\/v2\/posts\/4795\/revisions"}],"predecessor-version":[{"id":4796,"href":"https:\/\/vienibaspsk.lv\/index.php\/wp-json\/wp\/v2\/posts\/4795\/revisions\/4796"}],"wp:featuredmedia":[{"embeddable":true,"href":"https:\/\/vienibaspsk.lv\/index.php\/wp-json\/wp\/v2\/media\/3019"}],"wp:attachment":[{"href":"https:\/\/vienibaspsk.lv\/index.php\/wp-json\/wp\/v2\/media?parent=4795"}],"wp:term":[{"taxonomy":"category","embeddable":true,"href":"https:\/\/vienibaspsk.lv\/index.php\/wp-json\/wp\/v2\/categories?post=4795"},{"taxonomy":"post_tag","embeddable":true,"href":"https:\/\/vienibaspsk.lv\/index.php\/wp-json\/wp\/v2\/tags?post=4795"}],"curies":[{"name":"wp","href":"https:\/\/api.w.org\/{rel}","templated":true}]}}