{"id":4397,"date":"2011-04-08T12:51:15","date_gmt":"2011-04-08T09:51:15","guid":{"rendered":"https:\/\/vienibaspsk.lv\/?p=4397"},"modified":"2022-02-11T12:51:31","modified_gmt":"2022-02-11T10:51:31","slug":"konference-globalas-izglitibas-aktualitates-musdienu-skola","status":"publish","type":"post","link":"https:\/\/vienibaspsk.lv\/index.php\/2011\/04\/08\/konference-globalas-izglitibas-aktualitates-musdienu-skola\/","title":{"rendered":"Konference &#8220;Glob\u0101l\u0101s izgl\u012bt\u012bbas aktualit\u0101tes m\u016bsdienu skol\u0101&#8221;"},"content":{"rendered":"<p style=\"text-align: justify;\"><span style=\"color: #000000; font-family: arial, helvetica, sans-serif;\">2011.gada 7.apr\u012bl\u012b Daugavpils Vien\u012bbas pamatskol\u0101 notika konference \u201eGlob\u0101l\u0101s izgl\u012bt\u012bbas aktualit\u0101tes m\u016bsdienu skol\u0101.\u201d Katram j\u0101iesaist\u0101s kop\u012bg\u0101 darb\u0101, lai nodro\u0161in\u0101tu savu un citu labkl\u0101j\u012bbu, lai dotu pozit\u012bvu ieguld\u012bjumu viet\u0113j\u0101 m\u0113rog\u0101, t\u0101 veicinot pozit\u012bvas izmai\u0146as ar\u012b glob\u0101l\u0101 m\u0113rog\u0101.<\/span><br \/>\n<span style=\"color: #000000; font-family: arial, helvetica, sans-serif;\">Konferenc\u0113 piedal\u012bj\u0101s Daugavpils Izgl\u012bt\u012bbas p\u0101rvaldes metodisk\u0101 centra vad\u012bt\u0101ja R.Bogdanova, kla\u0161u audzin\u0101t\u0101ju metodisk\u0101s apvien\u012bbas vad\u012bt\u0101ja A.Klau\u017ea, IAC projekta \u201eSkolas k\u0101 satel\u012bti att\u012bst\u012bbas izgl\u012bt\u012bb\u0101\u201d vad\u012bbas komandas p\u0101rst\u0101ves: Ing\u016bna Irb\u012bte un Linda Ugaine, Vi\u013cakas \u0123imn\u0101zijas un pamatskolas projekta komanda, Daugavpils pils\u0113tas skolu direktoru vietnieki audzin\u0101\u0161anas darb\u0101, skolot\u0101ji, skol\u0113ni.<\/span><br \/>\n<span style=\"color: #000000; font-family: arial, helvetica, sans-serif;\">Konferenc\u0113 tika prezent\u0113ti projektu ned\u0113\u013c\u0101 izstr\u0101d\u0101tie 4.a, 8.b, 9.a kla\u0161u projekti. I.Irb\u012bte past\u0101st\u012bja par att\u012bst\u012bbas jeb glob\u0101l\u0101s izgl\u012bt\u012bbas aktualit\u0101ti m\u0101c\u012bbu un audzin\u0101\u0161anas proces\u0101 m\u016bsdienu skol\u0101. Darba grup\u0101s praktiski tika risin\u0101ti glob\u0101l\u0101s izgl\u012bt\u012bbas jaut\u0101jumi par resursu taup\u012b\u0161anu, stereotipiem, migr\u0101ciju, god\u012bgu tirdzniec\u012bbu, k\u0101 ar\u012b trad\u012bcij\u0101m, izmantojot projekta laik\u0101 ieg\u016btos materi\u0101lus un skolot\u0101ju rado\u0161o pieeju. Nosl\u0113gum\u0101 izskan\u0113ja kopsavilkums par projekta laik\u0101 paveikto: vides m\u0113nesis skol\u0101 \u201eMans piliens j\u016br\u0101\u201d, sadzied\u0101\u0161an\u0101s maratons, projektu ned\u0113\u013ca \u201eM\u0113s &#8211; pasaulei\u201d, k\u0101 ar\u012b pl\u0101notie pas\u0101kumi \u0161aj\u0101 m\u0101c\u012bbu gad\u0101.<\/span><br \/>\n<span style=\"color: #000000; font-family: arial, helvetica, sans-serif;\">Ceram, ka m\u016bsu pieredze noder\u0113s ar\u012b cit\u0101m skol\u0101m! Paldies par atsauc\u012bbu un l\u012bdzdal\u012bbu visiem konferences dal\u012bbniekiem!<\/span><\/p>\n<p><span style=\"color: #000000; font-family: arial, helvetica, sans-serif;\">Vien\u012bbas pamatskolas direktore: E.Zdanovska<\/span><\/p>\n","protected":false},"excerpt":{"rendered":"<p>2011.gada 7.apr\u012bl\u012b Daugavpils Vien\u012bbas pamatskol\u0101 notika konference \u201eGlob\u0101l\u0101s izgl\u012bt\u012bbas aktualit\u0101tes m\u016bsdienu skol\u0101.\u201d Katram j\u0101iesaist\u0101s kop\u012bg\u0101 darb\u0101, lai nodro\u0161in\u0101tu savu un citu labkl\u0101j\u012bbu, lai dotu pozit\u012bvu ieguld\u012bjumu viet\u0113j\u0101 m\u0113rog\u0101, t\u0101 veicinot &#8230;<\/p>\n","protected":false},"author":3,"featured_media":3019,"comment_status":"closed","ping_status":"closed","sticky":false,"template":"","format":"standard","meta":{"_lmt_disableupdate":"no","_lmt_disable":"","ngg_post_thumbnail":0,"footnotes":""},"categories":[16],"tags":[],"class_list":["post-4397","post","type-post","status-publish","format-standard","has-post-thumbnail","hentry","category-2010-2011-macibu-gads"],"yoast_head":"<!-- This site is optimized with the Yoast SEO plugin v18.3 - https:\/\/yoast.com\/wordpress\/plugins\/seo\/ -->\n<title>Konference &quot;Glob\u0101l\u0101s izgl\u012bt\u012bbas aktualit\u0101tes m\u016bsdienu skol\u0101&quot; - Daugavpils Vien\u012bbas pamatskola<\/title>\n<meta name=\"robots\" content=\"index, follow, max-snippet:-1, max-image-preview:large, max-video-preview:-1\" \/>\n<link rel=\"canonical\" href=\"https:\/\/vienibaspsk.lv\/index.php\/2011\/04\/08\/konference-globalas-izglitibas-aktualitates-musdienu-skola\/\" \/>\n<meta property=\"og:locale\" content=\"lv_LV\" \/>\n<meta property=\"og:type\" content=\"article\" \/>\n<meta property=\"og:title\" content=\"Konference &quot;Glob\u0101l\u0101s izgl\u012bt\u012bbas aktualit\u0101tes m\u016bsdienu skol\u0101&quot; - Daugavpils Vien\u012bbas pamatskola\" \/>\n<meta property=\"og:description\" content=\"2011.gada 7.apr\u012bl\u012b Daugavpils Vien\u012bbas pamatskol\u0101 notika konference \u201eGlob\u0101l\u0101s izgl\u012bt\u012bbas aktualit\u0101tes m\u016bsdienu skol\u0101.\u201d Katram j\u0101iesaist\u0101s kop\u012bg\u0101 darb\u0101, lai nodro\u0161in\u0101tu savu un citu labkl\u0101j\u012bbu, lai dotu pozit\u012bvu ieguld\u012bjumu viet\u0113j\u0101 m\u0113rog\u0101, t\u0101 veicinot ...\" \/>\n<meta property=\"og:url\" content=\"https:\/\/vienibaspsk.lv\/index.php\/2011\/04\/08\/konference-globalas-izglitibas-aktualitates-musdienu-skola\/\" \/>\n<meta property=\"og:site_name\" content=\"Daugavpils Vien\u012bbas pamatskola\" \/>\n<meta property=\"article:published_time\" content=\"2011-04-08T09:51:15+00:00\" \/>\n<meta property=\"article:modified_time\" content=\"2022-02-11T10:51:31+00:00\" \/>\n<meta property=\"og:image\" content=\"https:\/\/vienibaspsk.lv\/wp-content\/uploads\/2021\/05\/dvpsk_default_featureimage.jpg\" \/>\n\t<meta property=\"og:image:width\" content=\"712\" \/>\n\t<meta property=\"og:image:height\" content=\"400\" \/>\n\t<meta property=\"og:image:type\" content=\"image\/jpeg\" \/>\n<meta name=\"twitter:card\" content=\"summary_large_image\" \/>\n<meta name=\"twitter:label1\" content=\"Written by\" \/>\n\t<meta name=\"twitter:data1\" content=\"Arturs Stabulnieks\" \/>\n\t<meta name=\"twitter:label2\" content=\"Est. reading time\" \/>\n\t<meta name=\"twitter:data2\" content=\"1 min\u016bte\" \/>\n<script type=\"application\/ld+json\" class=\"yoast-schema-graph\">{\"@context\":\"https:\/\/schema.org\",\"@graph\":[{\"@type\":\"WebSite\",\"@id\":\"https:\/\/vienibaspsk.lv\/#website\",\"url\":\"https:\/\/vienibaspsk.lv\/\",\"name\":\"Daugavpils Vien\u012bbas pamatskola\",\"description\":\"\",\"potentialAction\":[{\"@type\":\"SearchAction\",\"target\":{\"@type\":\"EntryPoint\",\"urlTemplate\":\"https:\/\/vienibaspsk.lv\/?s={search_term_string}\"},\"query-input\":\"required name=search_term_string\"}],\"inLanguage\":\"lv-LV\"},{\"@type\":\"ImageObject\",\"@id\":\"https:\/\/vienibaspsk.lv\/index.php\/2011\/04\/08\/konference-globalas-izglitibas-aktualitates-musdienu-skola\/#primaryimage\",\"inLanguage\":\"lv-LV\",\"url\":\"https:\/\/vienibaspsk.lv\/wp-content\/uploads\/2021\/05\/dvpsk_default_featureimage.jpg\",\"contentUrl\":\"https:\/\/vienibaspsk.lv\/wp-content\/uploads\/2021\/05\/dvpsk_default_featureimage.jpg\",\"width\":712,\"height\":400,\"caption\":\"Daugavpils Vien\u012bbas pamatskolas raksts\"},{\"@type\":\"WebPage\",\"@id\":\"https:\/\/vienibaspsk.lv\/index.php\/2011\/04\/08\/konference-globalas-izglitibas-aktualitates-musdienu-skola\/#webpage\",\"url\":\"https:\/\/vienibaspsk.lv\/index.php\/2011\/04\/08\/konference-globalas-izglitibas-aktualitates-musdienu-skola\/\",\"name\":\"Konference \\\"Glob\u0101l\u0101s izgl\u012bt\u012bbas aktualit\u0101tes m\u016bsdienu skol\u0101\\\" - Daugavpils Vien\u012bbas pamatskola\",\"isPartOf\":{\"@id\":\"https:\/\/vienibaspsk.lv\/#website\"},\"primaryImageOfPage\":{\"@id\":\"https:\/\/vienibaspsk.lv\/index.php\/2011\/04\/08\/konference-globalas-izglitibas-aktualitates-musdienu-skola\/#primaryimage\"},\"datePublished\":\"2011-04-08T09:51:15+00:00\",\"dateModified\":\"2022-02-11T10:51:31+00:00\",\"author\":{\"@id\":\"https:\/\/vienibaspsk.lv\/#\/schema\/person\/0614773414e618c7c13592a97592bf48\"},\"breadcrumb\":{\"@id\":\"https:\/\/vienibaspsk.lv\/index.php\/2011\/04\/08\/konference-globalas-izglitibas-aktualitates-musdienu-skola\/#breadcrumb\"},\"inLanguage\":\"lv-LV\",\"potentialAction\":[{\"@type\":\"ReadAction\",\"target\":[\"https:\/\/vienibaspsk.lv\/index.php\/2011\/04\/08\/konference-globalas-izglitibas-aktualitates-musdienu-skola\/\"]}]},{\"@type\":\"BreadcrumbList\",\"@id\":\"https:\/\/vienibaspsk.lv\/index.php\/2011\/04\/08\/konference-globalas-izglitibas-aktualitates-musdienu-skola\/#breadcrumb\",\"itemListElement\":[{\"@type\":\"ListItem\",\"position\":1,\"name\":\"Galven\u0101\",\"item\":\"https:\/\/vienibaspsk.lv\/\"},{\"@type\":\"ListItem\",\"position\":2,\"name\":\"Konference &#8220;Glob\u0101l\u0101s izgl\u012bt\u012bbas aktualit\u0101tes m\u016bsdienu skol\u0101&#8221;\"}]},{\"@type\":\"Person\",\"@id\":\"https:\/\/vienibaspsk.lv\/#\/schema\/person\/0614773414e618c7c13592a97592bf48\",\"name\":\"Arturs Stabulnieks\",\"image\":{\"@type\":\"ImageObject\",\"@id\":\"https:\/\/vienibaspsk.lv\/#personlogo\",\"inLanguage\":\"lv-LV\",\"url\":\"https:\/\/secure.gravatar.com\/avatar\/35d6d193b35a3810562734b66a6d52427a85929adf4cc999dc080bff3daa9e57?s=96&d=mm&r=g\",\"contentUrl\":\"https:\/\/secure.gravatar.com\/avatar\/35d6d193b35a3810562734b66a6d52427a85929adf4cc999dc080bff3daa9e57?s=96&d=mm&r=g\",\"caption\":\"Arturs Stabulnieks\"},\"sameAs\":[\"http:\/\/www.vienibaspsk.lv\"],\"url\":\"https:\/\/vienibaspsk.lv\/index.php\/author\/root\/\"}]}<\/script>\n<!-- \/ Yoast SEO plugin. -->","yoast_head_json":{"title":"Konference \"Glob\u0101l\u0101s izgl\u012bt\u012bbas aktualit\u0101tes m\u016bsdienu skol\u0101\" - Daugavpils Vien\u012bbas pamatskola","robots":{"index":"index","follow":"follow","max-snippet":"max-snippet:-1","max-image-preview":"max-image-preview:large","max-video-preview":"max-video-preview:-1"},"canonical":"https:\/\/vienibaspsk.lv\/index.php\/2011\/04\/08\/konference-globalas-izglitibas-aktualitates-musdienu-skola\/","og_locale":"lv_LV","og_type":"article","og_title":"Konference \"Glob\u0101l\u0101s izgl\u012bt\u012bbas aktualit\u0101tes m\u016bsdienu skol\u0101\" - Daugavpils Vien\u012bbas pamatskola","og_description":"2011.gada 7.apr\u012bl\u012b Daugavpils Vien\u012bbas pamatskol\u0101 notika konference \u201eGlob\u0101l\u0101s izgl\u012bt\u012bbas aktualit\u0101tes m\u016bsdienu skol\u0101.\u201d Katram j\u0101iesaist\u0101s kop\u012bg\u0101 darb\u0101, lai nodro\u0161in\u0101tu savu un citu labkl\u0101j\u012bbu, lai dotu pozit\u012bvu ieguld\u012bjumu viet\u0113j\u0101 m\u0113rog\u0101, t\u0101 veicinot ...","og_url":"https:\/\/vienibaspsk.lv\/index.php\/2011\/04\/08\/konference-globalas-izglitibas-aktualitates-musdienu-skola\/","og_site_name":"Daugavpils Vien\u012bbas pamatskola","article_published_time":"2011-04-08T09:51:15+00:00","article_modified_time":"2022-02-11T10:51:31+00:00","og_image":[{"width":712,"height":400,"url":"https:\/\/vienibaspsk.lv\/wp-content\/uploads\/2021\/05\/dvpsk_default_featureimage.jpg","type":"image\/jpeg"}],"twitter_card":"summary_large_image","twitter_misc":{"Written by":"Arturs Stabulnieks","Est. reading time":"1 min\u016bte"},"schema":{"@context":"https:\/\/schema.org","@graph":[{"@type":"WebSite","@id":"https:\/\/vienibaspsk.lv\/#website","url":"https:\/\/vienibaspsk.lv\/","name":"Daugavpils Vien\u012bbas pamatskola","description":"","potentialAction":[{"@type":"SearchAction","target":{"@type":"EntryPoint","urlTemplate":"https:\/\/vienibaspsk.lv\/?s={search_term_string}"},"query-input":"required name=search_term_string"}],"inLanguage":"lv-LV"},{"@type":"ImageObject","@id":"https:\/\/vienibaspsk.lv\/index.php\/2011\/04\/08\/konference-globalas-izglitibas-aktualitates-musdienu-skola\/#primaryimage","inLanguage":"lv-LV","url":"https:\/\/vienibaspsk.lv\/wp-content\/uploads\/2021\/05\/dvpsk_default_featureimage.jpg","contentUrl":"https:\/\/vienibaspsk.lv\/wp-content\/uploads\/2021\/05\/dvpsk_default_featureimage.jpg","width":712,"height":400,"caption":"Daugavpils Vien\u012bbas pamatskolas raksts"},{"@type":"WebPage","@id":"https:\/\/vienibaspsk.lv\/index.php\/2011\/04\/08\/konference-globalas-izglitibas-aktualitates-musdienu-skola\/#webpage","url":"https:\/\/vienibaspsk.lv\/index.php\/2011\/04\/08\/konference-globalas-izglitibas-aktualitates-musdienu-skola\/","name":"Konference \"Glob\u0101l\u0101s izgl\u012bt\u012bbas aktualit\u0101tes m\u016bsdienu skol\u0101\" - Daugavpils Vien\u012bbas pamatskola","isPartOf":{"@id":"https:\/\/vienibaspsk.lv\/#website"},"primaryImageOfPage":{"@id":"https:\/\/vienibaspsk.lv\/index.php\/2011\/04\/08\/konference-globalas-izglitibas-aktualitates-musdienu-skola\/#primaryimage"},"datePublished":"2011-04-08T09:51:15+00:00","dateModified":"2022-02-11T10:51:31+00:00","author":{"@id":"https:\/\/vienibaspsk.lv\/#\/schema\/person\/0614773414e618c7c13592a97592bf48"},"breadcrumb":{"@id":"https:\/\/vienibaspsk.lv\/index.php\/2011\/04\/08\/konference-globalas-izglitibas-aktualitates-musdienu-skola\/#breadcrumb"},"inLanguage":"lv-LV","potentialAction":[{"@type":"ReadAction","target":["https:\/\/vienibaspsk.lv\/index.php\/2011\/04\/08\/konference-globalas-izglitibas-aktualitates-musdienu-skola\/"]}]},{"@type":"BreadcrumbList","@id":"https:\/\/vienibaspsk.lv\/index.php\/2011\/04\/08\/konference-globalas-izglitibas-aktualitates-musdienu-skola\/#breadcrumb","itemListElement":[{"@type":"ListItem","position":1,"name":"Galven\u0101","item":"https:\/\/vienibaspsk.lv\/"},{"@type":"ListItem","position":2,"name":"Konference &#8220;Glob\u0101l\u0101s izgl\u012bt\u012bbas aktualit\u0101tes m\u016bsdienu skol\u0101&#8221;"}]},{"@type":"Person","@id":"https:\/\/vienibaspsk.lv\/#\/schema\/person\/0614773414e618c7c13592a97592bf48","name":"Arturs Stabulnieks","image":{"@type":"ImageObject","@id":"https:\/\/vienibaspsk.lv\/#personlogo","inLanguage":"lv-LV","url":"https:\/\/secure.gravatar.com\/avatar\/35d6d193b35a3810562734b66a6d52427a85929adf4cc999dc080bff3daa9e57?s=96&d=mm&r=g","contentUrl":"https:\/\/secure.gravatar.com\/avatar\/35d6d193b35a3810562734b66a6d52427a85929adf4cc999dc080bff3daa9e57?s=96&d=mm&r=g","caption":"Arturs Stabulnieks"},"sameAs":["http:\/\/www.vienibaspsk.lv"],"url":"https:\/\/vienibaspsk.lv\/index.php\/author\/root\/"}]}},"modified_by":null,"_links":{"self":[{"href":"https:\/\/vienibaspsk.lv\/index.php\/wp-json\/wp\/v2\/posts\/4397","targetHints":{"allow":["GET"]}}],"collection":[{"href":"https:\/\/vienibaspsk.lv\/index.php\/wp-json\/wp\/v2\/posts"}],"about":[{"href":"https:\/\/vienibaspsk.lv\/index.php\/wp-json\/wp\/v2\/types\/post"}],"author":[{"embeddable":true,"href":"https:\/\/vienibaspsk.lv\/index.php\/wp-json\/wp\/v2\/users\/3"}],"replies":[{"embeddable":true,"href":"https:\/\/vienibaspsk.lv\/index.php\/wp-json\/wp\/v2\/comments?post=4397"}],"version-history":[{"count":1,"href":"https:\/\/vienibaspsk.lv\/index.php\/wp-json\/wp\/v2\/posts\/4397\/revisions"}],"predecessor-version":[{"id":4398,"href":"https:\/\/vienibaspsk.lv\/index.php\/wp-json\/wp\/v2\/posts\/4397\/revisions\/4398"}],"wp:featuredmedia":[{"embeddable":true,"href":"https:\/\/vienibaspsk.lv\/index.php\/wp-json\/wp\/v2\/media\/3019"}],"wp:attachment":[{"href":"https:\/\/vienibaspsk.lv\/index.php\/wp-json\/wp\/v2\/media?parent=4397"}],"wp:term":[{"taxonomy":"category","embeddable":true,"href":"https:\/\/vienibaspsk.lv\/index.php\/wp-json\/wp\/v2\/categories?post=4397"},{"taxonomy":"post_tag","embeddable":true,"href":"https:\/\/vienibaspsk.lv\/index.php\/wp-json\/wp\/v2\/tags?post=4397"}],"curies":[{"name":"wp","href":"https:\/\/api.w.org\/{rel}","templated":true}]}}