{"id":4383,"date":"2011-02-28T12:22:27","date_gmt":"2011-02-28T10:22:27","guid":{"rendered":"https:\/\/vienibaspsk.lv\/?p=4383"},"modified":"2022-02-11T12:22:44","modified_gmt":"2022-02-11T10:22:44","slug":"projektu-nedela-daugavpils-vienibas-pamatskola","status":"publish","type":"post","link":"https:\/\/vienibaspsk.lv\/index.php\/2011\/02\/28\/projektu-nedela-daugavpils-vienibas-pamatskola\/","title":{"rendered":"Projektu ned\u0113\u013ca Daugavpils Vien\u012bbas pamatskol\u0101"},"content":{"rendered":"<p style=\"text-align: justify;\"><span style=\"color: #000000; font-family: arial, helvetica, sans-serif;\">Daugavpils Vien\u012bbas pamatskol\u0101 no 21.l\u012bdz 25.febru\u0101rim notika projektu ned\u0113\u013ca. Skolas projekta t\u0113ma bija \u201dM\u0113s- pasaulei\u201d, ta\u010du katrai klasei, katrai skol\u0113nu grupai \u0161\u012bs t\u0113mas ietvaros bija iesp\u0113ja izstr\u0101d\u0101t savu projektu. Skol\u0113ni str\u0101d\u0101ja rado\u0161i, aizraut\u012bgi, cent\u0101s ne tikai g\u016bt jaunas zin\u0101\u0161anas, bet ar\u012b kaut ko paveikt praktiski, lai dz\u012bve skol\u0101, \u0123imen\u0113 un tuv\u0101kaj\u0101 apk\u0101rtn\u0113 k\u013c\u016btu lab\u0101ka. M\u016bsu skola jau otro gadu darbojas noz\u012bm\u012bg\u0101 IAC projekt\u0101 \u201eSkolas k\u0101 satel\u012bti att\u012bst\u012bbas izgl\u012bt\u012bb\u0101\u201d, t\u0101p\u0113c ar\u012b daudzas klases saviem projektiem bija izv\u0113l\u0113ju\u0161\u0101s tie\u0161i att\u012bst\u012bbas izgl\u012bt\u012bbas t\u0113mas.<\/span><\/p>\n<p><center><span style=\"color: #000000; font-family: arial, helvetica, sans-serif;\">Kla\u0161u izv\u0113l\u0113t\u0101s projektu t\u0113mas:<\/span><\/center><\/p>\n<table border=\"1\" width=\"60%\" cellspacing=\"0\" cellpadding=\"0\" align=\"center\">\n<tbody>\n<tr>\n<td align=\"center\" width=\"17%\"><span style=\"color: #000000; font-family: arial, helvetica, sans-serif;\"><b>Klase<\/b><\/span><\/td>\n<td align=\"center\" width=\"83%\"><span style=\"color: #000000; font-family: arial, helvetica, sans-serif;\"><b>Projekta t\u0113ma<\/b><\/span><\/td>\n<\/tr>\n<tr>\n<td align=\"center\"><span style=\"color: #000000; font-family: arial, helvetica, sans-serif;\">1.a<\/span><\/td>\n<td><span style=\"color: #000000; font-family: arial, helvetica, sans-serif;\">Par ko m\u0113s esam atbild\u012bgi<\/span><\/td>\n<\/tr>\n<tr>\n<td align=\"center\"><span style=\"color: #000000; font-family: arial, helvetica, sans-serif;\">1.b<\/span><\/td>\n<td><span style=\"color: #000000; font-family: arial, helvetica, sans-serif;\">Par ko m\u0113s esam atbild\u012bgi<\/span><\/td>\n<\/tr>\n<tr>\n<td align=\"center\"><span style=\"color: #000000; font-family: arial, helvetica, sans-serif;\">2.a<\/span><\/td>\n<td><span style=\"color: #000000; font-family: arial, helvetica, sans-serif;\">Es sav\u0101 \u0123imen\u0113<\/span><\/td>\n<\/tr>\n<tr>\n<td align=\"center\"><span style=\"color: #000000; font-family: arial, helvetica, sans-serif;\">2.b<\/span><\/td>\n<td><span style=\"color: #000000; font-family: arial, helvetica, sans-serif;\">Es dz\u012bvnieku pasaulei<\/span><\/td>\n<\/tr>\n<tr>\n<td align=\"center\"><span style=\"color: #000000; font-family: arial, helvetica, sans-serif;\">3.a<\/span><\/td>\n<td><span style=\"color: #000000; font-family: arial, helvetica, sans-serif;\">M\u016bsu \u010detrk\u0101jainie draugi<\/span><\/td>\n<\/tr>\n<tr>\n<td align=\"center\"><span style=\"color: #000000; font-family: arial, helvetica, sans-serif;\">3.b<\/span><\/td>\n<td><span style=\"color: #000000; font-family: arial, helvetica, sans-serif;\">M\u0113s d\u0101vin\u0101m<\/span><\/td>\n<\/tr>\n<tr>\n<td align=\"center\"><span style=\"color: #000000; font-family: arial, helvetica, sans-serif;\">4.a<\/span><\/td>\n<td><span style=\"color: #000000; font-family: arial, helvetica, sans-serif;\">Es dabai<\/span><\/td>\n<\/tr>\n<tr>\n<td align=\"center\"><span style=\"color: #000000; font-family: arial, helvetica, sans-serif;\">4.b<\/span><\/td>\n<td><span style=\"color: #000000; font-family: arial, helvetica, sans-serif;\">M\u016bsu n\u0101kotnes uzdevumi<\/span><\/td>\n<\/tr>\n<tr>\n<td align=\"center\"><span style=\"color: #000000; font-family: arial, helvetica, sans-serif;\">4.c<\/span><\/td>\n<td><span style=\"color: #000000; font-family: arial, helvetica, sans-serif;\">M\u0113s saudz\u0113jam dabu<\/span><\/td>\n<\/tr>\n<tr>\n<td align=\"center\"><span style=\"color: #000000; font-family: arial, helvetica, sans-serif;\">5.a<\/span><\/td>\n<td><span style=\"color: #000000; font-family: arial, helvetica, sans-serif;\">M\u016bsu virtu\u0101l\u0101 pasaule<\/span><\/td>\n<\/tr>\n<tr>\n<td align=\"center\"><span style=\"color: #000000; font-family: arial, helvetica, sans-serif;\">5.b<\/span><\/td>\n<td><span style=\"color: #000000; font-family: arial, helvetica, sans-serif;\">M\u0113s lepojamies<\/span><\/td>\n<\/tr>\n<tr>\n<td align=\"center\"><span style=\"color: #000000; font-family: arial, helvetica, sans-serif;\">5.c<\/span><\/td>\n<td><span style=\"color: #000000; font-family: arial, helvetica, sans-serif;\">Ar ko m\u0113s varam lepoties<\/span><\/td>\n<\/tr>\n<tr>\n<td align=\"center\"><span style=\"color: #000000; font-family: arial, helvetica, sans-serif;\">6.a<\/span><\/td>\n<td><span style=\"color: #000000; font-family: arial, helvetica, sans-serif;\">M\u0113s \u0113dam un dz\u012bvojam vesel\u012bgi<\/span><\/td>\n<\/tr>\n<tr>\n<td align=\"center\"><span style=\"color: #000000; font-family: arial, helvetica, sans-serif;\">6.b<\/span><\/td>\n<td><span style=\"color: #000000; font-family: arial, helvetica, sans-serif;\">M\u016bsu n\u0101kotnes nodomi<\/span><\/td>\n<\/tr>\n<tr>\n<td align=\"center\"><span style=\"color: #000000; font-family: arial, helvetica, sans-serif;\">7.a<\/span><\/td>\n<td><span style=\"color: #000000; font-family: arial, helvetica, sans-serif;\">M\u016bsu vec\u0101ku profesijas<\/span><\/td>\n<\/tr>\n<tr>\n<td align=\"center\"><span style=\"color: #000000; font-family: arial, helvetica, sans-serif;\">7.b<\/span><\/td>\n<td><span style=\"color: #000000; font-family: arial, helvetica, sans-serif;\">Iepaz\u012bstam da\u017e\u0101du kult\u016bru trad\u012bcijas<\/span><\/td>\n<\/tr>\n<tr>\n<td align=\"center\"><span style=\"color: #000000; font-family: arial, helvetica, sans-serif;\">8.a<\/span><\/td>\n<td><span style=\"color: #000000; font-family: arial, helvetica, sans-serif;\">Iepaz\u012bstam da\u017e\u0101du kult\u016bru trad\u012bcijas<\/span><\/td>\n<\/tr>\n<tr>\n<td align=\"center\"><span style=\"color: #000000; font-family: arial, helvetica, sans-serif;\">8.b<\/span><\/td>\n<td><span style=\"color: #000000; font-family: arial, helvetica, sans-serif;\">M\u0113s un m\u016bsu pils\u0113ta<\/span><\/td>\n<\/tr>\n<tr>\n<td align=\"center\"><span style=\"color: #000000; font-family: arial, helvetica, sans-serif;\">9.a<\/span><\/td>\n<td><span style=\"color: #000000; font-family: arial, helvetica, sans-serif;\">M\u0113s-daudzkult\u016bru sabiedr\u012bbas sast\u0101vda\u013ca<\/span><\/td>\n<\/tr>\n<\/tbody>\n<\/table>\n<p style=\"text-align: justify;\">\n<span style=\"color: #000000; font-family: arial, helvetica, sans-serif;\">Piektdien skol\u0101 notika kla\u0161u projektu prezent\u0101cijas.(Skat.fotogaleriju).&nbsp;<\/span><\/p>\n<p style=\"text-align: justify;\"><span style=\"color: #000000; font-family: arial, helvetica, sans-serif;\">Paldies skol\u0113niem par rado\u0161o darbu!<\/span><br \/>\n<span style=\"color: #000000; font-family: arial, helvetica, sans-serif;\">Paldies skolot\u0101jiem-kla\u0161u projektu konsultantiem!<\/span><br \/>\n<span style=\"color: #000000; font-family: arial, helvetica, sans-serif;\">Paldies skol\u0113nu vec\u0101kiem, kuri dal\u012bj\u0101s sav\u0101 pieredz\u0113 un pal\u012bdz\u0113ja saviem b\u0113rniem izstr\u0101d\u0101t projektus!<\/span><\/p>\n<p><span style=\"color: #000000; font-family: arial, helvetica, sans-serif;\">Maija Bakl\u0101ne, direktores vietniece izgl\u012bt\u012bbas jom\u0101<\/span><\/p>\n","protected":false},"excerpt":{"rendered":"<p>Daugavpils Vien\u012bbas pamatskol\u0101 no 21.l\u012bdz 25.febru\u0101rim notika projektu ned\u0113\u013ca. Skolas projekta t\u0113ma bija \u201dM\u0113s- pasaulei\u201d, ta\u010du katrai klasei, katrai skol\u0113nu grupai \u0161\u012bs t\u0113mas ietvaros bija iesp\u0113ja izstr\u0101d\u0101t savu projektu. Skol\u0113ni &#8230;<\/p>\n","protected":false},"author":3,"featured_media":3019,"comment_status":"closed","ping_status":"closed","sticky":false,"template":"","format":"standard","meta":{"_lmt_disableupdate":"no","_lmt_disable":"","ngg_post_thumbnail":0,"footnotes":""},"categories":[16],"tags":[],"class_list":["post-4383","post","type-post","status-publish","format-standard","has-post-thumbnail","hentry","category-2010-2011-macibu-gads"],"yoast_head":"<!-- This site is optimized with the Yoast SEO plugin v18.3 - https:\/\/yoast.com\/wordpress\/plugins\/seo\/ -->\n<title>Projektu ned\u0113\u013ca Daugavpils Vien\u012bbas pamatskol\u0101 - Daugavpils Vien\u012bbas pamatskola<\/title>\n<meta name=\"robots\" content=\"index, follow, max-snippet:-1, max-image-preview:large, max-video-preview:-1\" \/>\n<link rel=\"canonical\" href=\"https:\/\/vienibaspsk.lv\/index.php\/2011\/02\/28\/projektu-nedela-daugavpils-vienibas-pamatskola\/\" \/>\n<meta property=\"og:locale\" content=\"lv_LV\" \/>\n<meta property=\"og:type\" content=\"article\" \/>\n<meta property=\"og:title\" content=\"Projektu ned\u0113\u013ca Daugavpils Vien\u012bbas pamatskol\u0101 - Daugavpils Vien\u012bbas pamatskola\" \/>\n<meta property=\"og:description\" content=\"Daugavpils Vien\u012bbas pamatskol\u0101 no 21.l\u012bdz 25.febru\u0101rim notika projektu ned\u0113\u013ca. Skolas projekta t\u0113ma bija \u201dM\u0113s- pasaulei\u201d, ta\u010du katrai klasei, katrai skol\u0113nu grupai \u0161\u012bs t\u0113mas ietvaros bija iesp\u0113ja izstr\u0101d\u0101t savu projektu. Skol\u0113ni ...\" \/>\n<meta property=\"og:url\" content=\"https:\/\/vienibaspsk.lv\/index.php\/2011\/02\/28\/projektu-nedela-daugavpils-vienibas-pamatskola\/\" \/>\n<meta property=\"og:site_name\" content=\"Daugavpils Vien\u012bbas pamatskola\" \/>\n<meta property=\"article:published_time\" content=\"2011-02-28T10:22:27+00:00\" \/>\n<meta property=\"article:modified_time\" content=\"2022-02-11T10:22:44+00:00\" \/>\n<meta property=\"og:image\" content=\"https:\/\/vienibaspsk.lv\/wp-content\/uploads\/2021\/05\/dvpsk_default_featureimage.jpg\" \/>\n\t<meta property=\"og:image:width\" content=\"712\" \/>\n\t<meta property=\"og:image:height\" content=\"400\" \/>\n\t<meta property=\"og:image:type\" content=\"image\/jpeg\" \/>\n<meta name=\"twitter:card\" content=\"summary_large_image\" \/>\n<meta name=\"twitter:label1\" content=\"Written by\" \/>\n\t<meta name=\"twitter:data1\" content=\"Arturs Stabulnieks\" \/>\n\t<meta name=\"twitter:label2\" content=\"Est. reading time\" \/>\n\t<meta name=\"twitter:data2\" content=\"2 min\u016btes\" \/>\n<script type=\"application\/ld+json\" class=\"yoast-schema-graph\">{\"@context\":\"https:\/\/schema.org\",\"@graph\":[{\"@type\":\"WebSite\",\"@id\":\"https:\/\/vienibaspsk.lv\/#website\",\"url\":\"https:\/\/vienibaspsk.lv\/\",\"name\":\"Daugavpils Vien\u012bbas pamatskola\",\"description\":\"\",\"potentialAction\":[{\"@type\":\"SearchAction\",\"target\":{\"@type\":\"EntryPoint\",\"urlTemplate\":\"https:\/\/vienibaspsk.lv\/?s={search_term_string}\"},\"query-input\":\"required name=search_term_string\"}],\"inLanguage\":\"lv-LV\"},{\"@type\":\"ImageObject\",\"@id\":\"https:\/\/vienibaspsk.lv\/index.php\/2011\/02\/28\/projektu-nedela-daugavpils-vienibas-pamatskola\/#primaryimage\",\"inLanguage\":\"lv-LV\",\"url\":\"https:\/\/vienibaspsk.lv\/wp-content\/uploads\/2021\/05\/dvpsk_default_featureimage.jpg\",\"contentUrl\":\"https:\/\/vienibaspsk.lv\/wp-content\/uploads\/2021\/05\/dvpsk_default_featureimage.jpg\",\"width\":712,\"height\":400,\"caption\":\"Daugavpils Vien\u012bbas pamatskolas raksts\"},{\"@type\":\"WebPage\",\"@id\":\"https:\/\/vienibaspsk.lv\/index.php\/2011\/02\/28\/projektu-nedela-daugavpils-vienibas-pamatskola\/#webpage\",\"url\":\"https:\/\/vienibaspsk.lv\/index.php\/2011\/02\/28\/projektu-nedela-daugavpils-vienibas-pamatskola\/\",\"name\":\"Projektu ned\u0113\u013ca Daugavpils Vien\u012bbas pamatskol\u0101 - Daugavpils Vien\u012bbas pamatskola\",\"isPartOf\":{\"@id\":\"https:\/\/vienibaspsk.lv\/#website\"},\"primaryImageOfPage\":{\"@id\":\"https:\/\/vienibaspsk.lv\/index.php\/2011\/02\/28\/projektu-nedela-daugavpils-vienibas-pamatskola\/#primaryimage\"},\"datePublished\":\"2011-02-28T10:22:27+00:00\",\"dateModified\":\"2022-02-11T10:22:44+00:00\",\"author\":{\"@id\":\"https:\/\/vienibaspsk.lv\/#\/schema\/person\/0614773414e618c7c13592a97592bf48\"},\"breadcrumb\":{\"@id\":\"https:\/\/vienibaspsk.lv\/index.php\/2011\/02\/28\/projektu-nedela-daugavpils-vienibas-pamatskola\/#breadcrumb\"},\"inLanguage\":\"lv-LV\",\"potentialAction\":[{\"@type\":\"ReadAction\",\"target\":[\"https:\/\/vienibaspsk.lv\/index.php\/2011\/02\/28\/projektu-nedela-daugavpils-vienibas-pamatskola\/\"]}]},{\"@type\":\"BreadcrumbList\",\"@id\":\"https:\/\/vienibaspsk.lv\/index.php\/2011\/02\/28\/projektu-nedela-daugavpils-vienibas-pamatskola\/#breadcrumb\",\"itemListElement\":[{\"@type\":\"ListItem\",\"position\":1,\"name\":\"Galven\u0101\",\"item\":\"https:\/\/vienibaspsk.lv\/\"},{\"@type\":\"ListItem\",\"position\":2,\"name\":\"Projektu ned\u0113\u013ca Daugavpils Vien\u012bbas pamatskol\u0101\"}]},{\"@type\":\"Person\",\"@id\":\"https:\/\/vienibaspsk.lv\/#\/schema\/person\/0614773414e618c7c13592a97592bf48\",\"name\":\"Arturs Stabulnieks\",\"image\":{\"@type\":\"ImageObject\",\"@id\":\"https:\/\/vienibaspsk.lv\/#personlogo\",\"inLanguage\":\"lv-LV\",\"url\":\"https:\/\/secure.gravatar.com\/avatar\/35d6d193b35a3810562734b66a6d52427a85929adf4cc999dc080bff3daa9e57?s=96&d=mm&r=g\",\"contentUrl\":\"https:\/\/secure.gravatar.com\/avatar\/35d6d193b35a3810562734b66a6d52427a85929adf4cc999dc080bff3daa9e57?s=96&d=mm&r=g\",\"caption\":\"Arturs Stabulnieks\"},\"sameAs\":[\"http:\/\/www.vienibaspsk.lv\"],\"url\":\"https:\/\/vienibaspsk.lv\/index.php\/author\/root\/\"}]}<\/script>\n<!-- \/ Yoast SEO plugin. -->","yoast_head_json":{"title":"Projektu ned\u0113\u013ca Daugavpils Vien\u012bbas pamatskol\u0101 - Daugavpils Vien\u012bbas pamatskola","robots":{"index":"index","follow":"follow","max-snippet":"max-snippet:-1","max-image-preview":"max-image-preview:large","max-video-preview":"max-video-preview:-1"},"canonical":"https:\/\/vienibaspsk.lv\/index.php\/2011\/02\/28\/projektu-nedela-daugavpils-vienibas-pamatskola\/","og_locale":"lv_LV","og_type":"article","og_title":"Projektu ned\u0113\u013ca Daugavpils Vien\u012bbas pamatskol\u0101 - Daugavpils Vien\u012bbas pamatskola","og_description":"Daugavpils Vien\u012bbas pamatskol\u0101 no 21.l\u012bdz 25.febru\u0101rim notika projektu ned\u0113\u013ca. Skolas projekta t\u0113ma bija \u201dM\u0113s- pasaulei\u201d, ta\u010du katrai klasei, katrai skol\u0113nu grupai \u0161\u012bs t\u0113mas ietvaros bija iesp\u0113ja izstr\u0101d\u0101t savu projektu. Skol\u0113ni ...","og_url":"https:\/\/vienibaspsk.lv\/index.php\/2011\/02\/28\/projektu-nedela-daugavpils-vienibas-pamatskola\/","og_site_name":"Daugavpils Vien\u012bbas pamatskola","article_published_time":"2011-02-28T10:22:27+00:00","article_modified_time":"2022-02-11T10:22:44+00:00","og_image":[{"width":712,"height":400,"url":"https:\/\/vienibaspsk.lv\/wp-content\/uploads\/2021\/05\/dvpsk_default_featureimage.jpg","type":"image\/jpeg"}],"twitter_card":"summary_large_image","twitter_misc":{"Written by":"Arturs Stabulnieks","Est. reading time":"2 min\u016btes"},"schema":{"@context":"https:\/\/schema.org","@graph":[{"@type":"WebSite","@id":"https:\/\/vienibaspsk.lv\/#website","url":"https:\/\/vienibaspsk.lv\/","name":"Daugavpils Vien\u012bbas pamatskola","description":"","potentialAction":[{"@type":"SearchAction","target":{"@type":"EntryPoint","urlTemplate":"https:\/\/vienibaspsk.lv\/?s={search_term_string}"},"query-input":"required name=search_term_string"}],"inLanguage":"lv-LV"},{"@type":"ImageObject","@id":"https:\/\/vienibaspsk.lv\/index.php\/2011\/02\/28\/projektu-nedela-daugavpils-vienibas-pamatskola\/#primaryimage","inLanguage":"lv-LV","url":"https:\/\/vienibaspsk.lv\/wp-content\/uploads\/2021\/05\/dvpsk_default_featureimage.jpg","contentUrl":"https:\/\/vienibaspsk.lv\/wp-content\/uploads\/2021\/05\/dvpsk_default_featureimage.jpg","width":712,"height":400,"caption":"Daugavpils Vien\u012bbas pamatskolas raksts"},{"@type":"WebPage","@id":"https:\/\/vienibaspsk.lv\/index.php\/2011\/02\/28\/projektu-nedela-daugavpils-vienibas-pamatskola\/#webpage","url":"https:\/\/vienibaspsk.lv\/index.php\/2011\/02\/28\/projektu-nedela-daugavpils-vienibas-pamatskola\/","name":"Projektu ned\u0113\u013ca Daugavpils Vien\u012bbas pamatskol\u0101 - Daugavpils Vien\u012bbas pamatskola","isPartOf":{"@id":"https:\/\/vienibaspsk.lv\/#website"},"primaryImageOfPage":{"@id":"https:\/\/vienibaspsk.lv\/index.php\/2011\/02\/28\/projektu-nedela-daugavpils-vienibas-pamatskola\/#primaryimage"},"datePublished":"2011-02-28T10:22:27+00:00","dateModified":"2022-02-11T10:22:44+00:00","author":{"@id":"https:\/\/vienibaspsk.lv\/#\/schema\/person\/0614773414e618c7c13592a97592bf48"},"breadcrumb":{"@id":"https:\/\/vienibaspsk.lv\/index.php\/2011\/02\/28\/projektu-nedela-daugavpils-vienibas-pamatskola\/#breadcrumb"},"inLanguage":"lv-LV","potentialAction":[{"@type":"ReadAction","target":["https:\/\/vienibaspsk.lv\/index.php\/2011\/02\/28\/projektu-nedela-daugavpils-vienibas-pamatskola\/"]}]},{"@type":"BreadcrumbList","@id":"https:\/\/vienibaspsk.lv\/index.php\/2011\/02\/28\/projektu-nedela-daugavpils-vienibas-pamatskola\/#breadcrumb","itemListElement":[{"@type":"ListItem","position":1,"name":"Galven\u0101","item":"https:\/\/vienibaspsk.lv\/"},{"@type":"ListItem","position":2,"name":"Projektu ned\u0113\u013ca Daugavpils Vien\u012bbas pamatskol\u0101"}]},{"@type":"Person","@id":"https:\/\/vienibaspsk.lv\/#\/schema\/person\/0614773414e618c7c13592a97592bf48","name":"Arturs Stabulnieks","image":{"@type":"ImageObject","@id":"https:\/\/vienibaspsk.lv\/#personlogo","inLanguage":"lv-LV","url":"https:\/\/secure.gravatar.com\/avatar\/35d6d193b35a3810562734b66a6d52427a85929adf4cc999dc080bff3daa9e57?s=96&d=mm&r=g","contentUrl":"https:\/\/secure.gravatar.com\/avatar\/35d6d193b35a3810562734b66a6d52427a85929adf4cc999dc080bff3daa9e57?s=96&d=mm&r=g","caption":"Arturs Stabulnieks"},"sameAs":["http:\/\/www.vienibaspsk.lv"],"url":"https:\/\/vienibaspsk.lv\/index.php\/author\/root\/"}]}},"modified_by":null,"_links":{"self":[{"href":"https:\/\/vienibaspsk.lv\/index.php\/wp-json\/wp\/v2\/posts\/4383","targetHints":{"allow":["GET"]}}],"collection":[{"href":"https:\/\/vienibaspsk.lv\/index.php\/wp-json\/wp\/v2\/posts"}],"about":[{"href":"https:\/\/vienibaspsk.lv\/index.php\/wp-json\/wp\/v2\/types\/post"}],"author":[{"embeddable":true,"href":"https:\/\/vienibaspsk.lv\/index.php\/wp-json\/wp\/v2\/users\/3"}],"replies":[{"embeddable":true,"href":"https:\/\/vienibaspsk.lv\/index.php\/wp-json\/wp\/v2\/comments?post=4383"}],"version-history":[{"count":1,"href":"https:\/\/vienibaspsk.lv\/index.php\/wp-json\/wp\/v2\/posts\/4383\/revisions"}],"predecessor-version":[{"id":4384,"href":"https:\/\/vienibaspsk.lv\/index.php\/wp-json\/wp\/v2\/posts\/4383\/revisions\/4384"}],"wp:featuredmedia":[{"embeddable":true,"href":"https:\/\/vienibaspsk.lv\/index.php\/wp-json\/wp\/v2\/media\/3019"}],"wp:attachment":[{"href":"https:\/\/vienibaspsk.lv\/index.php\/wp-json\/wp\/v2\/media?parent=4383"}],"wp:term":[{"taxonomy":"category","embeddable":true,"href":"https:\/\/vienibaspsk.lv\/index.php\/wp-json\/wp\/v2\/categories?post=4383"},{"taxonomy":"post_tag","embeddable":true,"href":"https:\/\/vienibaspsk.lv\/index.php\/wp-json\/wp\/v2\/tags?post=4383"}],"curies":[{"name":"wp","href":"https:\/\/api.w.org\/{rel}","templated":true}]}}