{"id":3940,"date":"2021-11-22T10:12:10","date_gmt":"2021-11-22T08:12:10","guid":{"rendered":"https:\/\/vienibaspsk.lv\/?p=3940"},"modified":"2024-08-27T09:58:46","modified_gmt":"2024-08-27T06:58:46","slug":"3940","status":"publish","type":"post","link":"https:\/\/vienibaspsk.lv\/index.php\/2021\/11\/22\/3940\/","title":{"rendered":"Latvijas neatkar\u012bbas proklam\u0113\u0161anas gadadienai velt\u012bts pas\u0101kums"},"content":{"rendered":"<p><span style=\"font-family: arial, helvetica, sans-serif; color: #000000;\">Kas b\u016btu pavasars bez b\u0113rzu za\u013c\u0101m skar\u0101m<\/span><br \/>\n<span style=\"font-family: arial, helvetica, sans-serif; color: #000000;\">Kas rudens \u2013 bez kasta\u0146\u0101m un z\u012bl\u0113m<\/span><br \/>\n<span style=\"font-family: arial, helvetica, sans-serif; color: #000000;\">Kas b\u016btu m\u016bsu Latvija bez kokiem.<\/span><br \/>\n<span style=\"font-family: arial, helvetica, sans-serif; color: #000000;\">Kas b\u016btu Latvija bez b\u0113rniem!<\/span><br \/>\n<span style=\"font-family: arial, helvetica, sans-serif; color: #000000;\">Ar koku sakn\u0113m caurausta \u0161\u012b zeme.<\/span><br \/>\n<span style=\"font-family: arial, helvetica, sans-serif; color: #000000;\">Ar b\u0113rnu bals\u012bm piedzied\u0101ts \u0161is gaiss.<\/span><\/p>\n<p>&nbsp;<\/p>\n<p style=\"text-align: justify;\"><span style=\"font-family: arial, helvetica, sans-serif; color: #000000;\">Ar\u012b \u0161ogad nedr\u012bkst\u0113j\u0101m tikties skolas z\u0101l\u0113 lielaj\u0101 skolas tradicion\u0101laj\u0101 koncert\u0101, kas velt\u012bts Latvijas neatkar\u012bbas proklam\u0113\u0161anas gadadienai.<\/span><\/p>\n<p style=\"text-align: justify;\"><span style=\"font-family: arial, helvetica, sans-serif; color: #000000;\">Ta\u010du koncerts bija! Taj\u0101 tom\u0113r var\u0113j\u0101m piedal\u012bties visi \u2013 gan k\u0101 skat\u012bt\u0101ji, gan k\u0101 priek\u0161nesumu veidot\u0101ji. Katrs skol\u0113ns var\u0113ja br\u012bvi izpausties, pielikt savu roku koncerta veido\u0161an\u0101 \u2013 z\u012bm\u0113jot, dziedot, deklam\u0113jot, sp\u0113l\u0113jot, veidojot apsveikumus, filmi\u0146as un prezent\u0101cijas.<\/span><\/p>\n<p style=\"text-align: justify;\"><span style=\"font-family: arial, helvetica, sans-serif; color: #000000;\">M\u0113s katrs esam da\u013ca Latvijas.<\/span><\/p>\n<p style=\"text-align: justify;\"><span style=\"font-family: arial, helvetica, sans-serif; color: #000000;\">Ar savu iesaist\u012b\u0161anos, saviem darbiem un labiem nodomiem stiprin\u0101sim to!<\/span><\/p>\n<p style=\"text-align: right;\"><span style=\"font-family: arial, helvetica, sans-serif; color: #000000;\"><em>Direktores vietniece<\/em> <strong>\u0112rika Locika<\/strong><\/span><\/p>\n","protected":false},"excerpt":{"rendered":"<p>Kas b\u016btu pavasars bez b\u0113rzu za\u013c\u0101m skar\u0101m Kas rudens \u2013 bez kasta\u0146\u0101m un z\u012bl\u0113m Kas b\u016btu m\u016bsu Latvija bez kokiem. Kas b\u016btu Latvija bez b\u0113rniem! Ar koku sakn\u0113m caurausta \u0161\u012b &#8230;<\/p>\n","protected":false},"author":3,"featured_media":3946,"comment_status":"closed","ping_status":"closed","sticky":false,"template":"","format":"standard","meta":{"_lmt_disableupdate":"","_lmt_disable":"","ngg_post_thumbnail":0,"footnotes":""},"categories":[11],"tags":[],"class_list":["post-3940","post","type-post","status-publish","format-standard","has-post-thumbnail","hentry","category-2021-2022"],"yoast_head":"<!-- This site is optimized with the Yoast SEO plugin v18.3 - https:\/\/yoast.com\/wordpress\/plugins\/seo\/ -->\n<title>Latvijas neatkar\u012bbas proklam\u0113\u0161anas gadadienai velt\u012bts pas\u0101kums - Daugavpils Vien\u012bbas pamatskola<\/title>\n<meta name=\"robots\" content=\"index, follow, max-snippet:-1, max-image-preview:large, max-video-preview:-1\" \/>\n<link rel=\"canonical\" href=\"https:\/\/vienibaspsk.lv\/index.php\/2021\/11\/22\/3940\/\" \/>\n<meta property=\"og:locale\" content=\"lv_LV\" \/>\n<meta property=\"og:type\" content=\"article\" \/>\n<meta property=\"og:title\" content=\"Latvijas neatkar\u012bbas proklam\u0113\u0161anas gadadienai velt\u012bts pas\u0101kums - Daugavpils Vien\u012bbas pamatskola\" \/>\n<meta property=\"og:description\" content=\"Kas b\u016btu pavasars bez b\u0113rzu za\u013c\u0101m skar\u0101m Kas rudens \u2013 bez kasta\u0146\u0101m un z\u012bl\u0113m Kas b\u016btu m\u016bsu Latvija bez kokiem. Kas b\u016btu Latvija bez b\u0113rniem! Ar koku sakn\u0113m caurausta \u0161\u012b ...\" \/>\n<meta property=\"og:url\" content=\"https:\/\/vienibaspsk.lv\/index.php\/2021\/11\/22\/3940\/\" \/>\n<meta property=\"og:site_name\" content=\"Daugavpils Vien\u012bbas pamatskola\" \/>\n<meta property=\"article:published_time\" content=\"2021-11-22T08:12:10+00:00\" \/>\n<meta property=\"article:modified_time\" content=\"2024-08-27T06:58:46+00:00\" \/>\n<meta property=\"og:image\" content=\"https:\/\/vienibaspsk.lv\/wp-content\/uploads\/2021\/11\/Untitled2.png\" \/>\n\t<meta property=\"og:image:width\" content=\"914\" \/>\n\t<meta property=\"og:image:height\" content=\"515\" \/>\n\t<meta property=\"og:image:type\" content=\"image\/png\" \/>\n<meta name=\"twitter:card\" content=\"summary_large_image\" \/>\n<meta name=\"twitter:label1\" content=\"Written by\" \/>\n\t<meta name=\"twitter:data1\" content=\"Arturs Stabulnieks\" \/>\n\t<meta name=\"twitter:label2\" content=\"Est. reading time\" \/>\n\t<meta name=\"twitter:data2\" content=\"1 min\u016bte\" \/>\n<script type=\"application\/ld+json\" class=\"yoast-schema-graph\">{\"@context\":\"https:\/\/schema.org\",\"@graph\":[{\"@type\":\"WebSite\",\"@id\":\"https:\/\/vienibaspsk.lv\/#website\",\"url\":\"https:\/\/vienibaspsk.lv\/\",\"name\":\"Daugavpils Vien\u012bbas pamatskola\",\"description\":\"\",\"potentialAction\":[{\"@type\":\"SearchAction\",\"target\":{\"@type\":\"EntryPoint\",\"urlTemplate\":\"https:\/\/vienibaspsk.lv\/?s={search_term_string}\"},\"query-input\":\"required name=search_term_string\"}],\"inLanguage\":\"lv-LV\"},{\"@type\":\"ImageObject\",\"@id\":\"https:\/\/vienibaspsk.lv\/index.php\/2021\/11\/22\/3940\/#primaryimage\",\"inLanguage\":\"lv-LV\",\"url\":\"https:\/\/vienibaspsk.lv\/wp-content\/uploads\/2021\/11\/Untitled2.png\",\"contentUrl\":\"https:\/\/vienibaspsk.lv\/wp-content\/uploads\/2021\/11\/Untitled2.png\",\"width\":914,\"height\":515},{\"@type\":\"WebPage\",\"@id\":\"https:\/\/vienibaspsk.lv\/index.php\/2021\/11\/22\/3940\/#webpage\",\"url\":\"https:\/\/vienibaspsk.lv\/index.php\/2021\/11\/22\/3940\/\",\"name\":\"Latvijas neatkar\u012bbas proklam\u0113\u0161anas gadadienai velt\u012bts pas\u0101kums - Daugavpils Vien\u012bbas pamatskola\",\"isPartOf\":{\"@id\":\"https:\/\/vienibaspsk.lv\/#website\"},\"primaryImageOfPage\":{\"@id\":\"https:\/\/vienibaspsk.lv\/index.php\/2021\/11\/22\/3940\/#primaryimage\"},\"datePublished\":\"2021-11-22T08:12:10+00:00\",\"dateModified\":\"2024-08-27T06:58:46+00:00\",\"author\":{\"@id\":\"https:\/\/vienibaspsk.lv\/#\/schema\/person\/0614773414e618c7c13592a97592bf48\"},\"breadcrumb\":{\"@id\":\"https:\/\/vienibaspsk.lv\/index.php\/2021\/11\/22\/3940\/#breadcrumb\"},\"inLanguage\":\"lv-LV\",\"potentialAction\":[{\"@type\":\"ReadAction\",\"target\":[\"https:\/\/vienibaspsk.lv\/index.php\/2021\/11\/22\/3940\/\"]}]},{\"@type\":\"BreadcrumbList\",\"@id\":\"https:\/\/vienibaspsk.lv\/index.php\/2021\/11\/22\/3940\/#breadcrumb\",\"itemListElement\":[{\"@type\":\"ListItem\",\"position\":1,\"name\":\"Galven\u0101\",\"item\":\"https:\/\/vienibaspsk.lv\/\"},{\"@type\":\"ListItem\",\"position\":2,\"name\":\"Latvijas neatkar\u012bbas proklam\u0113\u0161anas gadadienai velt\u012bts pas\u0101kums\"}]},{\"@type\":\"Person\",\"@id\":\"https:\/\/vienibaspsk.lv\/#\/schema\/person\/0614773414e618c7c13592a97592bf48\",\"name\":\"Arturs Stabulnieks\",\"image\":{\"@type\":\"ImageObject\",\"@id\":\"https:\/\/vienibaspsk.lv\/#personlogo\",\"inLanguage\":\"lv-LV\",\"url\":\"https:\/\/secure.gravatar.com\/avatar\/35d6d193b35a3810562734b66a6d52427a85929adf4cc999dc080bff3daa9e57?s=96&d=mm&r=g\",\"contentUrl\":\"https:\/\/secure.gravatar.com\/avatar\/35d6d193b35a3810562734b66a6d52427a85929adf4cc999dc080bff3daa9e57?s=96&d=mm&r=g\",\"caption\":\"Arturs Stabulnieks\"},\"sameAs\":[\"http:\/\/www.vienibaspsk.lv\"],\"url\":\"https:\/\/vienibaspsk.lv\/index.php\/author\/root\/\"}]}<\/script>\n<!-- \/ Yoast SEO plugin. -->","yoast_head_json":{"title":"Latvijas neatkar\u012bbas proklam\u0113\u0161anas gadadienai velt\u012bts pas\u0101kums - Daugavpils Vien\u012bbas pamatskola","robots":{"index":"index","follow":"follow","max-snippet":"max-snippet:-1","max-image-preview":"max-image-preview:large","max-video-preview":"max-video-preview:-1"},"canonical":"https:\/\/vienibaspsk.lv\/index.php\/2021\/11\/22\/3940\/","og_locale":"lv_LV","og_type":"article","og_title":"Latvijas neatkar\u012bbas proklam\u0113\u0161anas gadadienai velt\u012bts pas\u0101kums - Daugavpils Vien\u012bbas pamatskola","og_description":"Kas b\u016btu pavasars bez b\u0113rzu za\u013c\u0101m skar\u0101m Kas rudens \u2013 bez kasta\u0146\u0101m un z\u012bl\u0113m Kas b\u016btu m\u016bsu Latvija bez kokiem. Kas b\u016btu Latvija bez b\u0113rniem! Ar koku sakn\u0113m caurausta \u0161\u012b ...","og_url":"https:\/\/vienibaspsk.lv\/index.php\/2021\/11\/22\/3940\/","og_site_name":"Daugavpils Vien\u012bbas pamatskola","article_published_time":"2021-11-22T08:12:10+00:00","article_modified_time":"2024-08-27T06:58:46+00:00","og_image":[{"width":914,"height":515,"url":"https:\/\/vienibaspsk.lv\/wp-content\/uploads\/2021\/11\/Untitled2.png","type":"image\/png"}],"twitter_card":"summary_large_image","twitter_misc":{"Written by":"Arturs Stabulnieks","Est. reading time":"1 min\u016bte"},"schema":{"@context":"https:\/\/schema.org","@graph":[{"@type":"WebSite","@id":"https:\/\/vienibaspsk.lv\/#website","url":"https:\/\/vienibaspsk.lv\/","name":"Daugavpils Vien\u012bbas pamatskola","description":"","potentialAction":[{"@type":"SearchAction","target":{"@type":"EntryPoint","urlTemplate":"https:\/\/vienibaspsk.lv\/?s={search_term_string}"},"query-input":"required name=search_term_string"}],"inLanguage":"lv-LV"},{"@type":"ImageObject","@id":"https:\/\/vienibaspsk.lv\/index.php\/2021\/11\/22\/3940\/#primaryimage","inLanguage":"lv-LV","url":"https:\/\/vienibaspsk.lv\/wp-content\/uploads\/2021\/11\/Untitled2.png","contentUrl":"https:\/\/vienibaspsk.lv\/wp-content\/uploads\/2021\/11\/Untitled2.png","width":914,"height":515},{"@type":"WebPage","@id":"https:\/\/vienibaspsk.lv\/index.php\/2021\/11\/22\/3940\/#webpage","url":"https:\/\/vienibaspsk.lv\/index.php\/2021\/11\/22\/3940\/","name":"Latvijas neatkar\u012bbas proklam\u0113\u0161anas gadadienai velt\u012bts pas\u0101kums - Daugavpils Vien\u012bbas pamatskola","isPartOf":{"@id":"https:\/\/vienibaspsk.lv\/#website"},"primaryImageOfPage":{"@id":"https:\/\/vienibaspsk.lv\/index.php\/2021\/11\/22\/3940\/#primaryimage"},"datePublished":"2021-11-22T08:12:10+00:00","dateModified":"2024-08-27T06:58:46+00:00","author":{"@id":"https:\/\/vienibaspsk.lv\/#\/schema\/person\/0614773414e618c7c13592a97592bf48"},"breadcrumb":{"@id":"https:\/\/vienibaspsk.lv\/index.php\/2021\/11\/22\/3940\/#breadcrumb"},"inLanguage":"lv-LV","potentialAction":[{"@type":"ReadAction","target":["https:\/\/vienibaspsk.lv\/index.php\/2021\/11\/22\/3940\/"]}]},{"@type":"BreadcrumbList","@id":"https:\/\/vienibaspsk.lv\/index.php\/2021\/11\/22\/3940\/#breadcrumb","itemListElement":[{"@type":"ListItem","position":1,"name":"Galven\u0101","item":"https:\/\/vienibaspsk.lv\/"},{"@type":"ListItem","position":2,"name":"Latvijas neatkar\u012bbas proklam\u0113\u0161anas gadadienai velt\u012bts pas\u0101kums"}]},{"@type":"Person","@id":"https:\/\/vienibaspsk.lv\/#\/schema\/person\/0614773414e618c7c13592a97592bf48","name":"Arturs Stabulnieks","image":{"@type":"ImageObject","@id":"https:\/\/vienibaspsk.lv\/#personlogo","inLanguage":"lv-LV","url":"https:\/\/secure.gravatar.com\/avatar\/35d6d193b35a3810562734b66a6d52427a85929adf4cc999dc080bff3daa9e57?s=96&d=mm&r=g","contentUrl":"https:\/\/secure.gravatar.com\/avatar\/35d6d193b35a3810562734b66a6d52427a85929adf4cc999dc080bff3daa9e57?s=96&d=mm&r=g","caption":"Arturs Stabulnieks"},"sameAs":["http:\/\/www.vienibaspsk.lv"],"url":"https:\/\/vienibaspsk.lv\/index.php\/author\/root\/"}]}},"modified_by":"\u0112riks Macijevskis","_links":{"self":[{"href":"https:\/\/vienibaspsk.lv\/index.php\/wp-json\/wp\/v2\/posts\/3940","targetHints":{"allow":["GET"]}}],"collection":[{"href":"https:\/\/vienibaspsk.lv\/index.php\/wp-json\/wp\/v2\/posts"}],"about":[{"href":"https:\/\/vienibaspsk.lv\/index.php\/wp-json\/wp\/v2\/types\/post"}],"author":[{"embeddable":true,"href":"https:\/\/vienibaspsk.lv\/index.php\/wp-json\/wp\/v2\/users\/3"}],"replies":[{"embeddable":true,"href":"https:\/\/vienibaspsk.lv\/index.php\/wp-json\/wp\/v2\/comments?post=3940"}],"version-history":[{"count":3,"href":"https:\/\/vienibaspsk.lv\/index.php\/wp-json\/wp\/v2\/posts\/3940\/revisions"}],"predecessor-version":[{"id":3944,"href":"https:\/\/vienibaspsk.lv\/index.php\/wp-json\/wp\/v2\/posts\/3940\/revisions\/3944"}],"wp:featuredmedia":[{"embeddable":true,"href":"https:\/\/vienibaspsk.lv\/index.php\/wp-json\/wp\/v2\/media\/3946"}],"wp:attachment":[{"href":"https:\/\/vienibaspsk.lv\/index.php\/wp-json\/wp\/v2\/media?parent=3940"}],"wp:term":[{"taxonomy":"category","embeddable":true,"href":"https:\/\/vienibaspsk.lv\/index.php\/wp-json\/wp\/v2\/categories?post=3940"},{"taxonomy":"post_tag","embeddable":true,"href":"https:\/\/vienibaspsk.lv\/index.php\/wp-json\/wp\/v2\/tags?post=3940"}],"curies":[{"name":"wp","href":"https:\/\/api.w.org\/{rel}","templated":true}]}}