{"id":3079,"date":"2021-05-21T12:41:52","date_gmt":"2021-05-21T09:41:52","guid":{"rendered":"http:\/\/vienibaspsk.lv\/?p=3079"},"modified":"2024-08-27T09:59:17","modified_gmt":"2024-08-27T06:59:17","slug":"deju-kolektivs-dziguni-ari-attalinati-turpina-vienoties-milestiba-uz-deju","status":"publish","type":"post","link":"https:\/\/vienibaspsk.lv\/index.php\/2021\/05\/21\/deju-kolektivs-dziguni-ari-attalinati-turpina-vienoties-milestiba-uz-deju\/","title":{"rendered":"Deju kolekt\u012bvs \u201cD\u017eiguni\u201d ar\u012b att\u0101lin\u0101ti turpina vienoties m\u012blest\u012bb\u0101 uz deju"},"content":{"rendered":"<p style=\"text-align: justify;\"><span style=\"font-family: arial, helvetica, sans-serif; color: #000000;\"><strong>XII Latvijas Skolu jaunatnes dziesmu un deju sv\u0113tku tautas deju lielkoncerta \u201cSaule vija zelta rotu\u201d rado\u0161\u0101 darba grupa uzs\u0101kusi darbu pie vienota lielkoncerta fin\u0101la video klipa \u201cSvin\u0113t Sauli\u201d izveides, kur\u0101 savu dal\u012bbu ir pieteiku\u0161i 629 kolekt\u012bvi (aptuveni 12 000 dal\u012bbnieku), kuri turpina gatavoties XII Latvijas Skolu jaunatnes dziesmu un deju sv\u0113tkiem.&nbsp;<\/strong><\/span><\/p>\n<p style=\"text-align: justify;\"><span style=\"font-family: arial, helvetica, sans-serif; color: #000000;\">Video klipa veidot\u0101ji&nbsp; nor\u0101da, ka tas tiek veidots, atspogu\u013cojot \u0161\u012b laika realit\u0101ti \u2013 att\u0101lin\u0101to m\u0101c\u012bbu procesu, nodarb\u012bbas ZOOM platform\u0101, uzsverot, ka Dziesmu un Deju sv\u0113tku trad\u012bcija, m\u012blest\u012bba pret deju un gatav\u012bba pat \u0161ajos laikos dejot, rad\u012bt un b\u016bt kop\u0101, ir stipr\u0101ka par visu.<\/span><\/p>\n<p style=\"text-align: justify;\"><span style=\"font-family: arial, helvetica, sans-serif; color: #000000;\">Ar\u012b Daugavpils Vien\u012bbas pamatskolas deju kolekt\u012bvs \u201cD\u017eiguni\u201d b\u016bs da\u013ca no \u0161\u012b video klipa. Lai ar\u012b cit\u0101di, tom\u0113r vienoti dej\u0101, m\u012blest\u012bb\u0101 uz kust\u012bbu un latvie\u0161u trad\u012bciju saglab\u0101\u0161anu. Tikl\u012bdz bija iesp\u0113ja tikties \u0101r\u0101 kl\u0101tien\u0113 l\u012bdz 10 cilv\u0113kiem, to izmantoj\u0101m un s\u0101k\u0101m apg\u016bt dejas \u201cSvin\u0113t sauli\u201d kust\u012bbas, lai var\u0113tu piedal\u012bties video projekt\u0101. 19. maij\u0101 notika film\u0113\u0161ana zoom platform\u0101. Dejot\u0101ji ar vec\u0101ku pal\u012bdz\u012bbu bija sapuc\u0113ju\u0161ies tautas t\u0113rpos, c\u012bt\u012bgi gatavoju\u0161ies, atradu\u0161i lab\u0101ko film\u0113\u0161an\u0101s vietu, lai var\u0113tu skaisti un ar prieku izdejot \u201cSvin\u0113t sauli\u201d kust\u012bbas. Turpin\u0101sim m\u012bl\u0113t deju un svin\u0113t sv\u0113tkus att\u0101lin\u0101ti!<\/span><\/p>\n<p style=\"text-align: justify;\"><span style=\"font-family: arial, helvetica, sans-serif; color: #000000;\">Sv\u0113tki ir tur, kur esam m\u0113s. Sv\u0113tki ir t\u0101di, k\u0101di esam m\u0113s.<\/span><\/p>\n<p><img loading=\"lazy\" decoding=\"async\" class=\"wp-image-3086 aligncenter\" src=\"https:\/\/vienibaspsk.lv\/wp-content\/uploads\/2021\/05\/Dziguni_deja-300x140.jpg\" alt=\"\" width=\"696\" height=\"325\" srcset=\"https:\/\/vienibaspsk.lv\/wp-content\/uploads\/2021\/05\/Dziguni_deja-300x140.jpg 300w, https:\/\/vienibaspsk.lv\/wp-content\/uploads\/2021\/05\/Dziguni_deja-1024x477.jpg 1024w, https:\/\/vienibaspsk.lv\/wp-content\/uploads\/2021\/05\/Dziguni_deja-768x358.jpg 768w, https:\/\/vienibaspsk.lv\/wp-content\/uploads\/2021\/05\/Dziguni_deja.jpg 1483w\" sizes=\"auto, (max-width: 696px) 100vw, 696px\" \/><\/p>\n<div style=\"width: 640px;\" class=\"wp-video\"><video class=\"wp-video-shortcode\" id=\"video-3079-1\" width=\"640\" height=\"352\" preload=\"metadata\" controls=\"controls\"><source type=\"video\/mp4\" src=\"https:\/\/vienibaspsk.lv\/wp-content\/uploads\/2021\/05\/Dziguni.mp4?_=1\" \/><a href=\"https:\/\/vienibaspsk.lv\/wp-content\/uploads\/2021\/05\/Dziguni.mp4\">https:\/\/vienibaspsk.lv\/wp-content\/uploads\/2021\/05\/Dziguni.mp4<\/a><\/video><\/div>\n<p><span style=\"font-size: 8pt; font-family: arial, helvetica, sans-serif; color: #000000;\">Video klipa veidot\u0101ji \u2013 tautas deju lielkoncerta \u201cSaule vija zelta rotu\u201d horeogr\u0101fe inscin\u0113t\u0101ja Dagm\u0101ra B\u0101rbale, k\u0101 ar\u012b horeogr\u0101fes \u2013 l\u012bdzautores R\u016bta Lauce, Di\u0101na Gavare, Dace Adviljone, Guna Truk\u0161\u0101ne; re\u017eisors un scen\u0101rija autors Reinis Suhanovs; video re\u017eisore Zane Garga\u017eina \u2013 izveidoju\u0161i horeogr\u0101fiju, kas apg\u016bstama att\u0101lin\u0101taj\u0101 m\u0101c\u012bbu proces\u0101, dejojama individu\u0101li un distanc\u0113ti. Viss nofilm\u0113tais tiks savienots video p\u0113capstr\u0101d\u0113, lai visi atkal var\u0113tu b\u016bt kop\u0101.<\/span><\/p>\n<p style=\"text-align: right;\"><span style=\"font-family: arial, helvetica, sans-serif; color: #000000;\"><em>Inform\u0101ciju sagatavoja skolot\u0101ja:<\/em> <strong>Inese Zu\u0123icka<\/strong><\/span><strong><br \/>\n<\/strong><\/p>\n","protected":false},"excerpt":{"rendered":"<p>XII Latvijas Skolu jaunatnes dziesmu un deju sv\u0113tku tautas deju lielkoncerta \u201cSaule vija zelta rotu\u201d rado\u0161\u0101 darba grupa uzs\u0101kusi darbu pie vienota lielkoncerta fin\u0101la video klipa \u201cSvin\u0113t Sauli\u201d izveides, kur\u0101 &#8230;<\/p>\n","protected":false},"author":3,"featured_media":3082,"comment_status":"closed","ping_status":"closed","sticky":false,"template":"","format":"standard","meta":{"_lmt_disableupdate":"","_lmt_disable":"","ngg_post_thumbnail":0,"footnotes":""},"categories":[12],"tags":[],"class_list":["post-3079","post","type-post","status-publish","format-standard","has-post-thumbnail","hentry","category-2020-2021"],"yoast_head":"<!-- This site is optimized with the Yoast SEO plugin v18.3 - https:\/\/yoast.com\/wordpress\/plugins\/seo\/ -->\n<title>Deju kolekt\u012bvs \u201cD\u017eiguni\u201d ar\u012b att\u0101lin\u0101ti turpina vienoties m\u012blest\u012bb\u0101 uz deju - Daugavpils Vien\u012bbas pamatskola<\/title>\n<meta name=\"robots\" content=\"index, follow, max-snippet:-1, max-image-preview:large, max-video-preview:-1\" \/>\n<link rel=\"canonical\" href=\"https:\/\/vienibaspsk.lv\/index.php\/2021\/05\/21\/deju-kolektivs-dziguni-ari-attalinati-turpina-vienoties-milestiba-uz-deju\/\" \/>\n<meta property=\"og:locale\" content=\"lv_LV\" \/>\n<meta property=\"og:type\" content=\"article\" \/>\n<meta property=\"og:title\" content=\"Deju kolekt\u012bvs \u201cD\u017eiguni\u201d ar\u012b att\u0101lin\u0101ti turpina vienoties m\u012blest\u012bb\u0101 uz deju - Daugavpils Vien\u012bbas pamatskola\" \/>\n<meta property=\"og:description\" content=\"XII Latvijas Skolu jaunatnes dziesmu un deju sv\u0113tku tautas deju lielkoncerta \u201cSaule vija zelta rotu\u201d rado\u0161\u0101 darba grupa uzs\u0101kusi darbu pie vienota lielkoncerta fin\u0101la video klipa \u201cSvin\u0113t Sauli\u201d izveides, kur\u0101 ...\" \/>\n<meta property=\"og:url\" content=\"https:\/\/vienibaspsk.lv\/index.php\/2021\/05\/21\/deju-kolektivs-dziguni-ari-attalinati-turpina-vienoties-milestiba-uz-deju\/\" \/>\n<meta property=\"og:site_name\" content=\"Daugavpils Vien\u012bbas pamatskola\" \/>\n<meta property=\"article:published_time\" content=\"2021-05-21T09:41:52+00:00\" \/>\n<meta property=\"article:modified_time\" content=\"2024-08-27T06:59:17+00:00\" \/>\n<meta property=\"og:image\" content=\"https:\/\/vienibaspsk.lv\/wp-content\/uploads\/2021\/05\/euiu.jpg\" \/>\n\t<meta property=\"og:image:width\" content=\"960\" \/>\n\t<meta property=\"og:image:height\" content=\"540\" \/>\n\t<meta property=\"og:image:type\" content=\"image\/jpeg\" \/>\n<meta name=\"twitter:card\" content=\"summary_large_image\" \/>\n<meta name=\"twitter:label1\" content=\"Written by\" \/>\n\t<meta name=\"twitter:data1\" content=\"Arturs Stabulnieks\" \/>\n\t<meta name=\"twitter:label2\" content=\"Est. reading time\" \/>\n\t<meta name=\"twitter:data2\" content=\"2 min\u016btes\" \/>\n<script type=\"application\/ld+json\" class=\"yoast-schema-graph\">{\"@context\":\"https:\/\/schema.org\",\"@graph\":[{\"@type\":\"WebSite\",\"@id\":\"https:\/\/vienibaspsk.lv\/#website\",\"url\":\"https:\/\/vienibaspsk.lv\/\",\"name\":\"Daugavpils Vien\u012bbas pamatskola\",\"description\":\"\",\"potentialAction\":[{\"@type\":\"SearchAction\",\"target\":{\"@type\":\"EntryPoint\",\"urlTemplate\":\"https:\/\/vienibaspsk.lv\/?s={search_term_string}\"},\"query-input\":\"required name=search_term_string\"}],\"inLanguage\":\"lv-LV\"},{\"@type\":\"ImageObject\",\"@id\":\"https:\/\/vienibaspsk.lv\/index.php\/2021\/05\/21\/deju-kolektivs-dziguni-ari-attalinati-turpina-vienoties-milestiba-uz-deju\/#primaryimage\",\"inLanguage\":\"lv-LV\",\"url\":\"https:\/\/vienibaspsk.lv\/wp-content\/uploads\/2021\/05\/euiu.jpg\",\"contentUrl\":\"https:\/\/vienibaspsk.lv\/wp-content\/uploads\/2021\/05\/euiu.jpg\",\"width\":960,\"height\":540},{\"@type\":\"WebPage\",\"@id\":\"https:\/\/vienibaspsk.lv\/index.php\/2021\/05\/21\/deju-kolektivs-dziguni-ari-attalinati-turpina-vienoties-milestiba-uz-deju\/#webpage\",\"url\":\"https:\/\/vienibaspsk.lv\/index.php\/2021\/05\/21\/deju-kolektivs-dziguni-ari-attalinati-turpina-vienoties-milestiba-uz-deju\/\",\"name\":\"Deju kolekt\u012bvs \u201cD\u017eiguni\u201d ar\u012b att\u0101lin\u0101ti turpina vienoties m\u012blest\u012bb\u0101 uz deju - Daugavpils Vien\u012bbas pamatskola\",\"isPartOf\":{\"@id\":\"https:\/\/vienibaspsk.lv\/#website\"},\"primaryImageOfPage\":{\"@id\":\"https:\/\/vienibaspsk.lv\/index.php\/2021\/05\/21\/deju-kolektivs-dziguni-ari-attalinati-turpina-vienoties-milestiba-uz-deju\/#primaryimage\"},\"datePublished\":\"2021-05-21T09:41:52+00:00\",\"dateModified\":\"2024-08-27T06:59:17+00:00\",\"author\":{\"@id\":\"https:\/\/vienibaspsk.lv\/#\/schema\/person\/0614773414e618c7c13592a97592bf48\"},\"breadcrumb\":{\"@id\":\"https:\/\/vienibaspsk.lv\/index.php\/2021\/05\/21\/deju-kolektivs-dziguni-ari-attalinati-turpina-vienoties-milestiba-uz-deju\/#breadcrumb\"},\"inLanguage\":\"lv-LV\",\"potentialAction\":[{\"@type\":\"ReadAction\",\"target\":[\"https:\/\/vienibaspsk.lv\/index.php\/2021\/05\/21\/deju-kolektivs-dziguni-ari-attalinati-turpina-vienoties-milestiba-uz-deju\/\"]}]},{\"@type\":\"BreadcrumbList\",\"@id\":\"https:\/\/vienibaspsk.lv\/index.php\/2021\/05\/21\/deju-kolektivs-dziguni-ari-attalinati-turpina-vienoties-milestiba-uz-deju\/#breadcrumb\",\"itemListElement\":[{\"@type\":\"ListItem\",\"position\":1,\"name\":\"Galven\u0101\",\"item\":\"https:\/\/vienibaspsk.lv\/\"},{\"@type\":\"ListItem\",\"position\":2,\"name\":\"Deju kolekt\u012bvs \u201cD\u017eiguni\u201d ar\u012b att\u0101lin\u0101ti turpina vienoties m\u012blest\u012bb\u0101 uz deju\"}]},{\"@type\":\"Person\",\"@id\":\"https:\/\/vienibaspsk.lv\/#\/schema\/person\/0614773414e618c7c13592a97592bf48\",\"name\":\"Arturs Stabulnieks\",\"image\":{\"@type\":\"ImageObject\",\"@id\":\"https:\/\/vienibaspsk.lv\/#personlogo\",\"inLanguage\":\"lv-LV\",\"url\":\"https:\/\/secure.gravatar.com\/avatar\/35d6d193b35a3810562734b66a6d52427a85929adf4cc999dc080bff3daa9e57?s=96&d=mm&r=g\",\"contentUrl\":\"https:\/\/secure.gravatar.com\/avatar\/35d6d193b35a3810562734b66a6d52427a85929adf4cc999dc080bff3daa9e57?s=96&d=mm&r=g\",\"caption\":\"Arturs Stabulnieks\"},\"sameAs\":[\"http:\/\/www.vienibaspsk.lv\"],\"url\":\"https:\/\/vienibaspsk.lv\/index.php\/author\/root\/\"}]}<\/script>\n<!-- \/ Yoast SEO plugin. -->","yoast_head_json":{"title":"Deju kolekt\u012bvs \u201cD\u017eiguni\u201d ar\u012b att\u0101lin\u0101ti turpina vienoties m\u012blest\u012bb\u0101 uz deju - Daugavpils Vien\u012bbas pamatskola","robots":{"index":"index","follow":"follow","max-snippet":"max-snippet:-1","max-image-preview":"max-image-preview:large","max-video-preview":"max-video-preview:-1"},"canonical":"https:\/\/vienibaspsk.lv\/index.php\/2021\/05\/21\/deju-kolektivs-dziguni-ari-attalinati-turpina-vienoties-milestiba-uz-deju\/","og_locale":"lv_LV","og_type":"article","og_title":"Deju kolekt\u012bvs \u201cD\u017eiguni\u201d ar\u012b att\u0101lin\u0101ti turpina vienoties m\u012blest\u012bb\u0101 uz deju - Daugavpils Vien\u012bbas pamatskola","og_description":"XII Latvijas Skolu jaunatnes dziesmu un deju sv\u0113tku tautas deju lielkoncerta \u201cSaule vija zelta rotu\u201d rado\u0161\u0101 darba grupa uzs\u0101kusi darbu pie vienota lielkoncerta fin\u0101la video klipa \u201cSvin\u0113t Sauli\u201d izveides, kur\u0101 ...","og_url":"https:\/\/vienibaspsk.lv\/index.php\/2021\/05\/21\/deju-kolektivs-dziguni-ari-attalinati-turpina-vienoties-milestiba-uz-deju\/","og_site_name":"Daugavpils Vien\u012bbas pamatskola","article_published_time":"2021-05-21T09:41:52+00:00","article_modified_time":"2024-08-27T06:59:17+00:00","og_image":[{"width":960,"height":540,"url":"https:\/\/vienibaspsk.lv\/wp-content\/uploads\/2021\/05\/euiu.jpg","type":"image\/jpeg"}],"twitter_card":"summary_large_image","twitter_misc":{"Written by":"Arturs Stabulnieks","Est. reading time":"2 min\u016btes"},"schema":{"@context":"https:\/\/schema.org","@graph":[{"@type":"WebSite","@id":"https:\/\/vienibaspsk.lv\/#website","url":"https:\/\/vienibaspsk.lv\/","name":"Daugavpils Vien\u012bbas pamatskola","description":"","potentialAction":[{"@type":"SearchAction","target":{"@type":"EntryPoint","urlTemplate":"https:\/\/vienibaspsk.lv\/?s={search_term_string}"},"query-input":"required name=search_term_string"}],"inLanguage":"lv-LV"},{"@type":"ImageObject","@id":"https:\/\/vienibaspsk.lv\/index.php\/2021\/05\/21\/deju-kolektivs-dziguni-ari-attalinati-turpina-vienoties-milestiba-uz-deju\/#primaryimage","inLanguage":"lv-LV","url":"https:\/\/vienibaspsk.lv\/wp-content\/uploads\/2021\/05\/euiu.jpg","contentUrl":"https:\/\/vienibaspsk.lv\/wp-content\/uploads\/2021\/05\/euiu.jpg","width":960,"height":540},{"@type":"WebPage","@id":"https:\/\/vienibaspsk.lv\/index.php\/2021\/05\/21\/deju-kolektivs-dziguni-ari-attalinati-turpina-vienoties-milestiba-uz-deju\/#webpage","url":"https:\/\/vienibaspsk.lv\/index.php\/2021\/05\/21\/deju-kolektivs-dziguni-ari-attalinati-turpina-vienoties-milestiba-uz-deju\/","name":"Deju kolekt\u012bvs \u201cD\u017eiguni\u201d ar\u012b att\u0101lin\u0101ti turpina vienoties m\u012blest\u012bb\u0101 uz deju - Daugavpils Vien\u012bbas pamatskola","isPartOf":{"@id":"https:\/\/vienibaspsk.lv\/#website"},"primaryImageOfPage":{"@id":"https:\/\/vienibaspsk.lv\/index.php\/2021\/05\/21\/deju-kolektivs-dziguni-ari-attalinati-turpina-vienoties-milestiba-uz-deju\/#primaryimage"},"datePublished":"2021-05-21T09:41:52+00:00","dateModified":"2024-08-27T06:59:17+00:00","author":{"@id":"https:\/\/vienibaspsk.lv\/#\/schema\/person\/0614773414e618c7c13592a97592bf48"},"breadcrumb":{"@id":"https:\/\/vienibaspsk.lv\/index.php\/2021\/05\/21\/deju-kolektivs-dziguni-ari-attalinati-turpina-vienoties-milestiba-uz-deju\/#breadcrumb"},"inLanguage":"lv-LV","potentialAction":[{"@type":"ReadAction","target":["https:\/\/vienibaspsk.lv\/index.php\/2021\/05\/21\/deju-kolektivs-dziguni-ari-attalinati-turpina-vienoties-milestiba-uz-deju\/"]}]},{"@type":"BreadcrumbList","@id":"https:\/\/vienibaspsk.lv\/index.php\/2021\/05\/21\/deju-kolektivs-dziguni-ari-attalinati-turpina-vienoties-milestiba-uz-deju\/#breadcrumb","itemListElement":[{"@type":"ListItem","position":1,"name":"Galven\u0101","item":"https:\/\/vienibaspsk.lv\/"},{"@type":"ListItem","position":2,"name":"Deju kolekt\u012bvs \u201cD\u017eiguni\u201d ar\u012b att\u0101lin\u0101ti turpina vienoties m\u012blest\u012bb\u0101 uz deju"}]},{"@type":"Person","@id":"https:\/\/vienibaspsk.lv\/#\/schema\/person\/0614773414e618c7c13592a97592bf48","name":"Arturs Stabulnieks","image":{"@type":"ImageObject","@id":"https:\/\/vienibaspsk.lv\/#personlogo","inLanguage":"lv-LV","url":"https:\/\/secure.gravatar.com\/avatar\/35d6d193b35a3810562734b66a6d52427a85929adf4cc999dc080bff3daa9e57?s=96&d=mm&r=g","contentUrl":"https:\/\/secure.gravatar.com\/avatar\/35d6d193b35a3810562734b66a6d52427a85929adf4cc999dc080bff3daa9e57?s=96&d=mm&r=g","caption":"Arturs Stabulnieks"},"sameAs":["http:\/\/www.vienibaspsk.lv"],"url":"https:\/\/vienibaspsk.lv\/index.php\/author\/root\/"}]}},"modified_by":"\u0112riks Macijevskis","_links":{"self":[{"href":"https:\/\/vienibaspsk.lv\/index.php\/wp-json\/wp\/v2\/posts\/3079","targetHints":{"allow":["GET"]}}],"collection":[{"href":"https:\/\/vienibaspsk.lv\/index.php\/wp-json\/wp\/v2\/posts"}],"about":[{"href":"https:\/\/vienibaspsk.lv\/index.php\/wp-json\/wp\/v2\/types\/post"}],"author":[{"embeddable":true,"href":"https:\/\/vienibaspsk.lv\/index.php\/wp-json\/wp\/v2\/users\/3"}],"replies":[{"embeddable":true,"href":"https:\/\/vienibaspsk.lv\/index.php\/wp-json\/wp\/v2\/comments?post=3079"}],"version-history":[{"count":4,"href":"https:\/\/vienibaspsk.lv\/index.php\/wp-json\/wp\/v2\/posts\/3079\/revisions"}],"predecessor-version":[{"id":3087,"href":"https:\/\/vienibaspsk.lv\/index.php\/wp-json\/wp\/v2\/posts\/3079\/revisions\/3087"}],"wp:featuredmedia":[{"embeddable":true,"href":"https:\/\/vienibaspsk.lv\/index.php\/wp-json\/wp\/v2\/media\/3082"}],"wp:attachment":[{"href":"https:\/\/vienibaspsk.lv\/index.php\/wp-json\/wp\/v2\/media?parent=3079"}],"wp:term":[{"taxonomy":"category","embeddable":true,"href":"https:\/\/vienibaspsk.lv\/index.php\/wp-json\/wp\/v2\/categories?post=3079"},{"taxonomy":"post_tag","embeddable":true,"href":"https:\/\/vienibaspsk.lv\/index.php\/wp-json\/wp\/v2\/tags?post=3079"}],"curies":[{"name":"wp","href":"https:\/\/api.w.org\/{rel}","templated":true}]}}