{"id":2971,"date":"2021-05-10T17:07:50","date_gmt":"2021-05-10T14:07:50","guid":{"rendered":"http:\/\/vienibaspsk.lv\/?p=2971"},"modified":"2024-08-27T09:59:18","modified_gmt":"2024-08-27T06:59:18","slug":"demokratijas-nedela-vienibas-pamatskola","status":"publish","type":"post","link":"https:\/\/vienibaspsk.lv\/index.php\/2021\/05\/10\/demokratijas-nedela-vienibas-pamatskola\/","title":{"rendered":"Demokr\u0101tijas ned\u0113\u013ca Vien\u012bbas pamatskol\u0101!"},"content":{"rendered":"<p style=\"text-align: justify;\"><span style=\"font-family: arial, helvetica, sans-serif; color: #000000;\">Demokrt\u0101tijas ned\u0113\u013ca m\u016bsu skol\u0101 s\u0101k\u0101s ar tematsiskaj\u0101m klases stund\u0101m: \u201c4. maijs \u2013 Latvijas Republikas Neatkar\u012bbas atjauno\u0161anas diena\u201d.<\/span><\/p>\n<p style=\"text-align: justify;\"><span style=\"font-family: arial, helvetica, sans-serif; color: #000000;\">4.maij\u0101 norisinaj\u0101s&nbsp; att\u0101lin\u0101ts pas\u0101kums \u201cBalt\u0101 galdauta sv\u0113tki man\u0101s m\u0101j\u0101s\u201d , kur\u0101 ikviens tika aicin\u0101ts \u0123imenes lok\u0101 , pie balti kl\u0101tiem galdiem , svin\u0113t&nbsp; \u0161o \u012bpa\u0161o dienu.<\/span><\/p>\n<p style=\"text-align: justify;\"><span style=\"font-family: arial, helvetica, sans-serif; color: #000000;\">6.maij\u0101 Vien\u012bbas pamatskolas 7.-9. kla\u0161u skol\u0113niem bija vienreiz\u0113ja iesp\u0113ja tie\u0161\u0161aist\u0113 piedal\u012bties interakt\u012bv\u0101 nodarb\u012bb\u0101 par Eiropas Savien\u012bbu, ko vad\u012bja Eiropas kust\u012bbas Latvij\u0101, \u0123ener\u0101lsekret\u0101re &#8211; Liene Valdmane.<\/span><\/p>\n<p style=\"text-align: justify;\"><span style=\"font-family: arial, helvetica, sans-serif; color: #000000;\">8.maijs &#8211;&nbsp; Eiropas diena Vien\u012bbas pamatskol\u0101 s\u0101k\u0101s ar &nbsp;tematisk\u0101m klases stund\u0101m par Eiropas Savien\u012bbu.<\/span><\/p>\n<p style=\"text-align: justify;\"><span style=\"font-family: arial, helvetica, sans-serif; color: #000000;\">Vien\u012bbas pamatskola \u0161aj\u0101 dien\u0101 VIENOTI \u2013 skol\u0113ni, vec\u0101ki, skolot\u0101ji\u2026..&nbsp; lieli un mazi\u2026vienoti un akt\u012bvi\u2026piedal\u012bj\u0101s Eiropas eks\u0101men\u0101, lai p\u0101rbaud\u012btu cik daudz&nbsp; zin par Eiropas Savien\u012bbu? M\u0113s sa\u0146\u0113m\u0101m bezgala daudz apliecin\u0101jumu par maksim\u0101li ieg\u016btu punktu skaitu, prieks un lepnums par skol\u0113nu zin\u0101\u0161an\u0101m, mala\u010di!<\/span><\/p>\n<p style=\"text-align: justify;\"><span style=\"font-family: arial, helvetica, sans-serif; color: #000000;\">Atliku\u0161aj\u0101 Eiropas dienas da\u013c\u0101 &#8211;&nbsp; &#8220;Labais darbs Eiropai&#8221;- m\u0113s dev\u0101mies paveikt ko labu&#8230;jauku\u2026sirsn\u012bgu. Cik bezgala daudz laba tika izdar\u012bts \u2013 paldies skol\u0113niem un vec\u0101kiem!<\/span><\/p>\n<p style=\"text-align: justify;\"><span style=\"font-family: arial, helvetica, sans-serif; color: #000000;\">8.maij\u0101 Vien\u012bbas pamatskolas skol\u0113nu komanda piedal\u012bj\u0101s &#8211; Biedr\u012bbas \u201cDienvidlatgales NVO atbalsta centrs\u201d,&nbsp;Eiropas Komisijas p\u0101rst\u0101vniec\u012bba Latvij\u0101&nbsp;un&nbsp;Latgales pl\u0101no\u0161anas re\u0123iona r\u012bkotaj\u0101 pas\u0101kum\u0101&nbsp;\u201cAr Eiropys tvier\u012bni Latgol\u0101\u201d, lai akt\u012bvi diskut\u0113tu un praktiski risin\u0101tu da\u017e\u0101dus Latvijai un Eiropas Savien\u012bbai aktu\u0101lus jaut\u0101jumus!<\/span><\/p>\n<p style=\"text-align: justify;\"><span style=\"font-family: arial, helvetica, sans-serif; color: #000000;\">8.klases skol\u0113ni kop\u0101 ar \u0123eogr\u0101fijas skolot\u0101ju veidoja jaukas un izzino\u0161as fotokol\u0101\u017eas \u201cEiropas Savien\u012bbas valstis\u201d.<\/span><\/p>\n<p style=\"text-align: justify;\"><span style=\"font-family: arial, helvetica, sans-serif; color: #000000;\">Paldies klases audzin\u0101t\u0101j\u0101m, vec\u0101kiem un skol\u0113niem par akt\u012bvu l\u012bdzdal\u012bbu! Mums kop\u0101 izdev\u0101s v\u0113rt\u012bga , interesanta, uzvaru pilna, pozit\u012bvu emociju, labu darbu un saulainu domu piepild\u012bta Demokr\u0101tijas ned\u0113\u013ca!<\/span><\/p>\nngg_shortcode_0_placeholder\n<p style=\"text-align: right;\"><span style=\"font-family: arial, helvetica, sans-serif; color: #000000;\"><em>Inform\u0101ciju sagatavoja soci\u0101lo zin\u012bbu skolot\u0101ja<\/em> <strong>Inga Sokolova<\/strong><\/span><\/p>\n","protected":false},"excerpt":{"rendered":"<p>Demokrt\u0101tijas ned\u0113\u013ca m\u016bsu skol\u0101 s\u0101k\u0101s ar tematsiskaj\u0101m klases stund\u0101m: \u201c4. maijs \u2013 Latvijas Republikas Neatkar\u012bbas atjauno\u0161anas diena\u201d. 4.maij\u0101 norisinaj\u0101s&nbsp; att\u0101lin\u0101ts pas\u0101kums \u201cBalt\u0101 galdauta sv\u0113tki man\u0101s m\u0101j\u0101s\u201d , kur\u0101 ikviens tika &#8230;<\/p>\n","protected":false},"author":3,"featured_media":2972,"comment_status":"closed","ping_status":"closed","sticky":false,"template":"","format":"standard","meta":{"_lmt_disableupdate":"","_lmt_disable":"","ngg_post_thumbnail":0,"footnotes":""},"categories":[12],"tags":[],"class_list":["post-2971","post","type-post","status-publish","format-standard","has-post-thumbnail","hentry","category-2020-2021"],"yoast_head":"<!-- This site is optimized with the Yoast SEO plugin v18.3 - https:\/\/yoast.com\/wordpress\/plugins\/seo\/ -->\n<title>Demokr\u0101tijas ned\u0113\u013ca Vien\u012bbas pamatskol\u0101! - Daugavpils Vien\u012bbas pamatskola<\/title>\n<meta name=\"robots\" content=\"index, follow, max-snippet:-1, max-image-preview:large, max-video-preview:-1\" \/>\n<link rel=\"canonical\" href=\"https:\/\/vienibaspsk.lv\/index.php\/2021\/05\/10\/demokratijas-nedela-vienibas-pamatskola\/\" \/>\n<meta property=\"og:locale\" content=\"lv_LV\" \/>\n<meta property=\"og:type\" content=\"article\" \/>\n<meta property=\"og:title\" content=\"Demokr\u0101tijas ned\u0113\u013ca Vien\u012bbas pamatskol\u0101! - Daugavpils Vien\u012bbas pamatskola\" \/>\n<meta property=\"og:description\" content=\"Demokrt\u0101tijas ned\u0113\u013ca m\u016bsu skol\u0101 s\u0101k\u0101s ar tematsiskaj\u0101m klases stund\u0101m: \u201c4. maijs \u2013 Latvijas Republikas Neatkar\u012bbas atjauno\u0161anas diena\u201d. 4.maij\u0101 norisinaj\u0101s&nbsp; att\u0101lin\u0101ts pas\u0101kums \u201cBalt\u0101 galdauta sv\u0113tki man\u0101s m\u0101j\u0101s\u201d , kur\u0101 ikviens tika ...\" \/>\n<meta property=\"og:url\" content=\"https:\/\/vienibaspsk.lv\/index.php\/2021\/05\/10\/demokratijas-nedela-vienibas-pamatskola\/\" \/>\n<meta property=\"og:site_name\" content=\"Daugavpils Vien\u012bbas pamatskola\" \/>\n<meta property=\"article:published_time\" content=\"2021-05-10T14:07:50+00:00\" \/>\n<meta property=\"article:modified_time\" content=\"2024-08-27T06:59:18+00:00\" \/>\n<meta property=\"og:image\" content=\"https:\/\/vienibaspsk.lv\/wp-content\/uploads\/2021\/05\/Logo.png\" \/>\n\t<meta property=\"og:image:width\" content=\"704\" \/>\n\t<meta property=\"og:image:height\" content=\"329\" \/>\n\t<meta property=\"og:image:type\" content=\"image\/png\" \/>\n<meta name=\"twitter:card\" content=\"summary_large_image\" \/>\n<meta name=\"twitter:label1\" content=\"Written by\" \/>\n\t<meta name=\"twitter:data1\" content=\"Arturs Stabulnieks\" \/>\n\t<meta name=\"twitter:label2\" content=\"Est. reading time\" \/>\n\t<meta name=\"twitter:data2\" content=\"2 min\u016btes\" \/>\n<script type=\"application\/ld+json\" class=\"yoast-schema-graph\">{\"@context\":\"https:\/\/schema.org\",\"@graph\":[{\"@type\":\"WebSite\",\"@id\":\"https:\/\/vienibaspsk.lv\/#website\",\"url\":\"https:\/\/vienibaspsk.lv\/\",\"name\":\"Daugavpils Vien\u012bbas pamatskola\",\"description\":\"\",\"potentialAction\":[{\"@type\":\"SearchAction\",\"target\":{\"@type\":\"EntryPoint\",\"urlTemplate\":\"https:\/\/vienibaspsk.lv\/?s={search_term_string}\"},\"query-input\":\"required name=search_term_string\"}],\"inLanguage\":\"lv-LV\"},{\"@type\":\"ImageObject\",\"@id\":\"https:\/\/vienibaspsk.lv\/index.php\/2021\/05\/10\/demokratijas-nedela-vienibas-pamatskola\/#primaryimage\",\"inLanguage\":\"lv-LV\",\"url\":\"https:\/\/vienibaspsk.lv\/wp-content\/uploads\/2021\/05\/Logo.png\",\"contentUrl\":\"https:\/\/vienibaspsk.lv\/wp-content\/uploads\/2021\/05\/Logo.png\",\"width\":704,\"height\":329,\"caption\":\"Demokr\u0101tijas ned\u0113\u013ca Vien\u012bbas pamatskol\u0101\"},{\"@type\":\"WebPage\",\"@id\":\"https:\/\/vienibaspsk.lv\/index.php\/2021\/05\/10\/demokratijas-nedela-vienibas-pamatskola\/#webpage\",\"url\":\"https:\/\/vienibaspsk.lv\/index.php\/2021\/05\/10\/demokratijas-nedela-vienibas-pamatskola\/\",\"name\":\"Demokr\u0101tijas ned\u0113\u013ca Vien\u012bbas pamatskol\u0101! - Daugavpils Vien\u012bbas pamatskola\",\"isPartOf\":{\"@id\":\"https:\/\/vienibaspsk.lv\/#website\"},\"primaryImageOfPage\":{\"@id\":\"https:\/\/vienibaspsk.lv\/index.php\/2021\/05\/10\/demokratijas-nedela-vienibas-pamatskola\/#primaryimage\"},\"datePublished\":\"2021-05-10T14:07:50+00:00\",\"dateModified\":\"2024-08-27T06:59:18+00:00\",\"author\":{\"@id\":\"https:\/\/vienibaspsk.lv\/#\/schema\/person\/0614773414e618c7c13592a97592bf48\"},\"breadcrumb\":{\"@id\":\"https:\/\/vienibaspsk.lv\/index.php\/2021\/05\/10\/demokratijas-nedela-vienibas-pamatskola\/#breadcrumb\"},\"inLanguage\":\"lv-LV\",\"potentialAction\":[{\"@type\":\"ReadAction\",\"target\":[\"https:\/\/vienibaspsk.lv\/index.php\/2021\/05\/10\/demokratijas-nedela-vienibas-pamatskola\/\"]}]},{\"@type\":\"BreadcrumbList\",\"@id\":\"https:\/\/vienibaspsk.lv\/index.php\/2021\/05\/10\/demokratijas-nedela-vienibas-pamatskola\/#breadcrumb\",\"itemListElement\":[{\"@type\":\"ListItem\",\"position\":1,\"name\":\"Galven\u0101\",\"item\":\"https:\/\/vienibaspsk.lv\/\"},{\"@type\":\"ListItem\",\"position\":2,\"name\":\"Demokr\u0101tijas ned\u0113\u013ca Vien\u012bbas pamatskol\u0101!\"}]},{\"@type\":\"Person\",\"@id\":\"https:\/\/vienibaspsk.lv\/#\/schema\/person\/0614773414e618c7c13592a97592bf48\",\"name\":\"Arturs Stabulnieks\",\"image\":{\"@type\":\"ImageObject\",\"@id\":\"https:\/\/vienibaspsk.lv\/#personlogo\",\"inLanguage\":\"lv-LV\",\"url\":\"https:\/\/secure.gravatar.com\/avatar\/35d6d193b35a3810562734b66a6d52427a85929adf4cc999dc080bff3daa9e57?s=96&d=mm&r=g\",\"contentUrl\":\"https:\/\/secure.gravatar.com\/avatar\/35d6d193b35a3810562734b66a6d52427a85929adf4cc999dc080bff3daa9e57?s=96&d=mm&r=g\",\"caption\":\"Arturs Stabulnieks\"},\"sameAs\":[\"http:\/\/www.vienibaspsk.lv\"],\"url\":\"https:\/\/vienibaspsk.lv\/index.php\/author\/root\/\"}]}<\/script>\n<!-- \/ Yoast SEO plugin. -->","yoast_head_json":{"title":"Demokr\u0101tijas ned\u0113\u013ca Vien\u012bbas pamatskol\u0101! - Daugavpils Vien\u012bbas pamatskola","robots":{"index":"index","follow":"follow","max-snippet":"max-snippet:-1","max-image-preview":"max-image-preview:large","max-video-preview":"max-video-preview:-1"},"canonical":"https:\/\/vienibaspsk.lv\/index.php\/2021\/05\/10\/demokratijas-nedela-vienibas-pamatskola\/","og_locale":"lv_LV","og_type":"article","og_title":"Demokr\u0101tijas ned\u0113\u013ca Vien\u012bbas pamatskol\u0101! - Daugavpils Vien\u012bbas pamatskola","og_description":"Demokrt\u0101tijas ned\u0113\u013ca m\u016bsu skol\u0101 s\u0101k\u0101s ar tematsiskaj\u0101m klases stund\u0101m: \u201c4. maijs \u2013 Latvijas Republikas Neatkar\u012bbas atjauno\u0161anas diena\u201d. 4.maij\u0101 norisinaj\u0101s&nbsp; att\u0101lin\u0101ts pas\u0101kums \u201cBalt\u0101 galdauta sv\u0113tki man\u0101s m\u0101j\u0101s\u201d , kur\u0101 ikviens tika ...","og_url":"https:\/\/vienibaspsk.lv\/index.php\/2021\/05\/10\/demokratijas-nedela-vienibas-pamatskola\/","og_site_name":"Daugavpils Vien\u012bbas pamatskola","article_published_time":"2021-05-10T14:07:50+00:00","article_modified_time":"2024-08-27T06:59:18+00:00","og_image":[{"width":704,"height":329,"url":"https:\/\/vienibaspsk.lv\/wp-content\/uploads\/2021\/05\/Logo.png","type":"image\/png"}],"twitter_card":"summary_large_image","twitter_misc":{"Written by":"Arturs Stabulnieks","Est. reading time":"2 min\u016btes"},"schema":{"@context":"https:\/\/schema.org","@graph":[{"@type":"WebSite","@id":"https:\/\/vienibaspsk.lv\/#website","url":"https:\/\/vienibaspsk.lv\/","name":"Daugavpils Vien\u012bbas pamatskola","description":"","potentialAction":[{"@type":"SearchAction","target":{"@type":"EntryPoint","urlTemplate":"https:\/\/vienibaspsk.lv\/?s={search_term_string}"},"query-input":"required name=search_term_string"}],"inLanguage":"lv-LV"},{"@type":"ImageObject","@id":"https:\/\/vienibaspsk.lv\/index.php\/2021\/05\/10\/demokratijas-nedela-vienibas-pamatskola\/#primaryimage","inLanguage":"lv-LV","url":"https:\/\/vienibaspsk.lv\/wp-content\/uploads\/2021\/05\/Logo.png","contentUrl":"https:\/\/vienibaspsk.lv\/wp-content\/uploads\/2021\/05\/Logo.png","width":704,"height":329,"caption":"Demokr\u0101tijas ned\u0113\u013ca Vien\u012bbas pamatskol\u0101"},{"@type":"WebPage","@id":"https:\/\/vienibaspsk.lv\/index.php\/2021\/05\/10\/demokratijas-nedela-vienibas-pamatskola\/#webpage","url":"https:\/\/vienibaspsk.lv\/index.php\/2021\/05\/10\/demokratijas-nedela-vienibas-pamatskola\/","name":"Demokr\u0101tijas ned\u0113\u013ca Vien\u012bbas pamatskol\u0101! - Daugavpils Vien\u012bbas pamatskola","isPartOf":{"@id":"https:\/\/vienibaspsk.lv\/#website"},"primaryImageOfPage":{"@id":"https:\/\/vienibaspsk.lv\/index.php\/2021\/05\/10\/demokratijas-nedela-vienibas-pamatskola\/#primaryimage"},"datePublished":"2021-05-10T14:07:50+00:00","dateModified":"2024-08-27T06:59:18+00:00","author":{"@id":"https:\/\/vienibaspsk.lv\/#\/schema\/person\/0614773414e618c7c13592a97592bf48"},"breadcrumb":{"@id":"https:\/\/vienibaspsk.lv\/index.php\/2021\/05\/10\/demokratijas-nedela-vienibas-pamatskola\/#breadcrumb"},"inLanguage":"lv-LV","potentialAction":[{"@type":"ReadAction","target":["https:\/\/vienibaspsk.lv\/index.php\/2021\/05\/10\/demokratijas-nedela-vienibas-pamatskola\/"]}]},{"@type":"BreadcrumbList","@id":"https:\/\/vienibaspsk.lv\/index.php\/2021\/05\/10\/demokratijas-nedela-vienibas-pamatskola\/#breadcrumb","itemListElement":[{"@type":"ListItem","position":1,"name":"Galven\u0101","item":"https:\/\/vienibaspsk.lv\/"},{"@type":"ListItem","position":2,"name":"Demokr\u0101tijas ned\u0113\u013ca Vien\u012bbas pamatskol\u0101!"}]},{"@type":"Person","@id":"https:\/\/vienibaspsk.lv\/#\/schema\/person\/0614773414e618c7c13592a97592bf48","name":"Arturs Stabulnieks","image":{"@type":"ImageObject","@id":"https:\/\/vienibaspsk.lv\/#personlogo","inLanguage":"lv-LV","url":"https:\/\/secure.gravatar.com\/avatar\/35d6d193b35a3810562734b66a6d52427a85929adf4cc999dc080bff3daa9e57?s=96&d=mm&r=g","contentUrl":"https:\/\/secure.gravatar.com\/avatar\/35d6d193b35a3810562734b66a6d52427a85929adf4cc999dc080bff3daa9e57?s=96&d=mm&r=g","caption":"Arturs Stabulnieks"},"sameAs":["http:\/\/www.vienibaspsk.lv"],"url":"https:\/\/vienibaspsk.lv\/index.php\/author\/root\/"}]}},"modified_by":"\u0112riks Macijevskis","_links":{"self":[{"href":"https:\/\/vienibaspsk.lv\/index.php\/wp-json\/wp\/v2\/posts\/2971","targetHints":{"allow":["GET"]}}],"collection":[{"href":"https:\/\/vienibaspsk.lv\/index.php\/wp-json\/wp\/v2\/posts"}],"about":[{"href":"https:\/\/vienibaspsk.lv\/index.php\/wp-json\/wp\/v2\/types\/post"}],"author":[{"embeddable":true,"href":"https:\/\/vienibaspsk.lv\/index.php\/wp-json\/wp\/v2\/users\/3"}],"replies":[{"embeddable":true,"href":"https:\/\/vienibaspsk.lv\/index.php\/wp-json\/wp\/v2\/comments?post=2971"}],"version-history":[{"count":3,"href":"https:\/\/vienibaspsk.lv\/index.php\/wp-json\/wp\/v2\/posts\/2971\/revisions"}],"predecessor-version":[{"id":2990,"href":"https:\/\/vienibaspsk.lv\/index.php\/wp-json\/wp\/v2\/posts\/2971\/revisions\/2990"}],"wp:featuredmedia":[{"embeddable":true,"href":"https:\/\/vienibaspsk.lv\/index.php\/wp-json\/wp\/v2\/media\/2972"}],"wp:attachment":[{"href":"https:\/\/vienibaspsk.lv\/index.php\/wp-json\/wp\/v2\/media?parent=2971"}],"wp:term":[{"taxonomy":"category","embeddable":true,"href":"https:\/\/vienibaspsk.lv\/index.php\/wp-json\/wp\/v2\/categories?post=2971"},{"taxonomy":"post_tag","embeddable":true,"href":"https:\/\/vienibaspsk.lv\/index.php\/wp-json\/wp\/v2\/tags?post=2971"}],"curies":[{"name":"wp","href":"https:\/\/api.w.org\/{rel}","templated":true}]}}