{"id":1489,"date":"2020-11-17T11:19:59","date_gmt":"2020-11-17T09:19:59","guid":{"rendered":"http:\/\/vienibaspsk.lv\/?p=1489"},"modified":"2024-08-27T09:59:54","modified_gmt":"2024-08-27T06:59:54","slug":"sveiciens-latvijas-republikas-proklamesanas-gadadiena","status":"publish","type":"post","link":"https:\/\/vienibaspsk.lv\/index.php\/2020\/11\/17\/sveiciens-latvijas-republikas-proklamesanas-gadadiena\/","title":{"rendered":"Sveiciens Latvijas Republikas proklam\u0113\u0161anas gadadien\u0101!"},"content":{"rendered":"\n<figure class=\"wp-block-image size-large is-resized\"><img loading=\"lazy\" decoding=\"async\" src=\"https:\/\/vienibaspsk.lv\/wp-content\/uploads\/2020\/11\/Apsveikums18nov.short_-1024x768.jpg\" alt=\"\" class=\"wp-image-1490\" width=\"618\" height=\"464\" srcset=\"https:\/\/vienibaspsk.lv\/wp-content\/uploads\/2020\/11\/Apsveikums18nov.short_-1024x768.jpg 1024w, https:\/\/vienibaspsk.lv\/wp-content\/uploads\/2020\/11\/Apsveikums18nov.short_-300x225.jpg 300w, https:\/\/vienibaspsk.lv\/wp-content\/uploads\/2020\/11\/Apsveikums18nov.short_-768x576.jpg 768w, https:\/\/vienibaspsk.lv\/wp-content\/uploads\/2020\/11\/Apsveikums18nov.short_.jpg 1280w\" sizes=\"auto, (max-width: 618px) 100vw, 618px\" \/><\/figure>\n","protected":false},"excerpt":{"rendered":"","protected":false},"author":2,"featured_media":1490,"comment_status":"closed","ping_status":"closed","sticky":false,"template":"","format":"standard","meta":{"_lmt_disableupdate":"","_lmt_disable":"","ngg_post_thumbnail":0,"footnotes":""},"categories":[12],"tags":[],"class_list":["post-1489","post","type-post","status-publish","format-standard","has-post-thumbnail","hentry","category-2020-2021"],"yoast_head":"<!-- This site is optimized with the Yoast SEO plugin v18.3 - https:\/\/yoast.com\/wordpress\/plugins\/seo\/ -->\n<title>Sveiciens Latvijas Republikas proklam\u0113\u0161anas gadadien\u0101! - Daugavpils Vien\u012bbas pamatskola<\/title>\n<meta name=\"robots\" content=\"index, follow, max-snippet:-1, max-image-preview:large, max-video-preview:-1\" \/>\n<link rel=\"canonical\" href=\"https:\/\/vienibaspsk.lv\/index.php\/2020\/11\/17\/sveiciens-latvijas-republikas-proklamesanas-gadadiena\/\" \/>\n<meta property=\"og:locale\" content=\"lv_LV\" \/>\n<meta property=\"og:type\" content=\"article\" \/>\n<meta property=\"og:title\" content=\"Sveiciens Latvijas Republikas proklam\u0113\u0161anas gadadien\u0101! - Daugavpils Vien\u012bbas pamatskola\" \/>\n<meta property=\"og:url\" content=\"https:\/\/vienibaspsk.lv\/index.php\/2020\/11\/17\/sveiciens-latvijas-republikas-proklamesanas-gadadiena\/\" \/>\n<meta property=\"og:site_name\" content=\"Daugavpils Vien\u012bbas pamatskola\" \/>\n<meta property=\"article:published_time\" content=\"2020-11-17T09:19:59+00:00\" \/>\n<meta property=\"article:modified_time\" content=\"2024-08-27T06:59:54+00:00\" \/>\n<meta property=\"og:image\" content=\"https:\/\/vienibaspsk.lv\/wp-content\/uploads\/2020\/11\/Apsveikums18nov.short_.jpg\" \/>\n\t<meta property=\"og:image:width\" content=\"1280\" \/>\n\t<meta property=\"og:image:height\" content=\"960\" \/>\n\t<meta property=\"og:image:type\" content=\"image\/jpeg\" \/>\n<meta name=\"twitter:card\" content=\"summary_large_image\" \/>\n<meta name=\"twitter:label1\" content=\"Written by\" \/>\n\t<meta name=\"twitter:data1\" content=\"\u0112riks Macijevskis\" \/>\n<script type=\"application\/ld+json\" class=\"yoast-schema-graph\">{\"@context\":\"https:\/\/schema.org\",\"@graph\":[{\"@type\":\"WebSite\",\"@id\":\"https:\/\/vienibaspsk.lv\/#website\",\"url\":\"https:\/\/vienibaspsk.lv\/\",\"name\":\"Daugavpils Vien\u012bbas pamatskola\",\"description\":\"\",\"potentialAction\":[{\"@type\":\"SearchAction\",\"target\":{\"@type\":\"EntryPoint\",\"urlTemplate\":\"https:\/\/vienibaspsk.lv\/?s={search_term_string}\"},\"query-input\":\"required name=search_term_string\"}],\"inLanguage\":\"lv-LV\"},{\"@type\":\"ImageObject\",\"@id\":\"https:\/\/vienibaspsk.lv\/index.php\/2020\/11\/17\/sveiciens-latvijas-republikas-proklamesanas-gadadiena\/#primaryimage\",\"inLanguage\":\"lv-LV\",\"url\":\"https:\/\/vienibaspsk.lv\/wp-content\/uploads\/2020\/11\/Apsveikums18nov.short_.jpg\",\"contentUrl\":\"https:\/\/vienibaspsk.lv\/wp-content\/uploads\/2020\/11\/Apsveikums18nov.short_.jpg\",\"width\":1280,\"height\":960},{\"@type\":\"WebPage\",\"@id\":\"https:\/\/vienibaspsk.lv\/index.php\/2020\/11\/17\/sveiciens-latvijas-republikas-proklamesanas-gadadiena\/#webpage\",\"url\":\"https:\/\/vienibaspsk.lv\/index.php\/2020\/11\/17\/sveiciens-latvijas-republikas-proklamesanas-gadadiena\/\",\"name\":\"Sveiciens Latvijas Republikas proklam\u0113\u0161anas gadadien\u0101! - Daugavpils Vien\u012bbas pamatskola\",\"isPartOf\":{\"@id\":\"https:\/\/vienibaspsk.lv\/#website\"},\"primaryImageOfPage\":{\"@id\":\"https:\/\/vienibaspsk.lv\/index.php\/2020\/11\/17\/sveiciens-latvijas-republikas-proklamesanas-gadadiena\/#primaryimage\"},\"datePublished\":\"2020-11-17T09:19:59+00:00\",\"dateModified\":\"2024-08-27T06:59:54+00:00\",\"author\":{\"@id\":\"https:\/\/vienibaspsk.lv\/#\/schema\/person\/d047a0e61f9508152ab5e6f85a98c7c3\"},\"breadcrumb\":{\"@id\":\"https:\/\/vienibaspsk.lv\/index.php\/2020\/11\/17\/sveiciens-latvijas-republikas-proklamesanas-gadadiena\/#breadcrumb\"},\"inLanguage\":\"lv-LV\",\"potentialAction\":[{\"@type\":\"ReadAction\",\"target\":[\"https:\/\/vienibaspsk.lv\/index.php\/2020\/11\/17\/sveiciens-latvijas-republikas-proklamesanas-gadadiena\/\"]}]},{\"@type\":\"BreadcrumbList\",\"@id\":\"https:\/\/vienibaspsk.lv\/index.php\/2020\/11\/17\/sveiciens-latvijas-republikas-proklamesanas-gadadiena\/#breadcrumb\",\"itemListElement\":[{\"@type\":\"ListItem\",\"position\":1,\"name\":\"Galven\u0101\",\"item\":\"https:\/\/vienibaspsk.lv\/\"},{\"@type\":\"ListItem\",\"position\":2,\"name\":\"Sveiciens Latvijas Republikas proklam\u0113\u0161anas gadadien\u0101!\"}]},{\"@type\":\"Person\",\"@id\":\"https:\/\/vienibaspsk.lv\/#\/schema\/person\/d047a0e61f9508152ab5e6f85a98c7c3\",\"name\":\"\u0112riks Macijevskis\",\"image\":{\"@type\":\"ImageObject\",\"@id\":\"https:\/\/vienibaspsk.lv\/#personlogo\",\"inLanguage\":\"lv-LV\",\"url\":\"https:\/\/secure.gravatar.com\/avatar\/29982a41dd109e1f84b875f119d056d0c6c0865cf3aa2a394c6bc26fe5f37e25?s=96&d=mm&r=g\",\"contentUrl\":\"https:\/\/secure.gravatar.com\/avatar\/29982a41dd109e1f84b875f119d056d0c6c0865cf3aa2a394c6bc26fe5f37e25?s=96&d=mm&r=g\",\"caption\":\"\u0112riks Macijevskis\"},\"url\":\"https:\/\/vienibaspsk.lv\/index.php\/author\/dvpsk\/\"}]}<\/script>\n<!-- \/ Yoast SEO plugin. -->","yoast_head_json":{"title":"Sveiciens Latvijas Republikas proklam\u0113\u0161anas gadadien\u0101! - Daugavpils Vien\u012bbas pamatskola","robots":{"index":"index","follow":"follow","max-snippet":"max-snippet:-1","max-image-preview":"max-image-preview:large","max-video-preview":"max-video-preview:-1"},"canonical":"https:\/\/vienibaspsk.lv\/index.php\/2020\/11\/17\/sveiciens-latvijas-republikas-proklamesanas-gadadiena\/","og_locale":"lv_LV","og_type":"article","og_title":"Sveiciens Latvijas Republikas proklam\u0113\u0161anas gadadien\u0101! - Daugavpils Vien\u012bbas pamatskola","og_url":"https:\/\/vienibaspsk.lv\/index.php\/2020\/11\/17\/sveiciens-latvijas-republikas-proklamesanas-gadadiena\/","og_site_name":"Daugavpils Vien\u012bbas pamatskola","article_published_time":"2020-11-17T09:19:59+00:00","article_modified_time":"2024-08-27T06:59:54+00:00","og_image":[{"width":1280,"height":960,"url":"https:\/\/vienibaspsk.lv\/wp-content\/uploads\/2020\/11\/Apsveikums18nov.short_.jpg","type":"image\/jpeg"}],"twitter_card":"summary_large_image","twitter_misc":{"Written by":"\u0112riks Macijevskis"},"schema":{"@context":"https:\/\/schema.org","@graph":[{"@type":"WebSite","@id":"https:\/\/vienibaspsk.lv\/#website","url":"https:\/\/vienibaspsk.lv\/","name":"Daugavpils Vien\u012bbas pamatskola","description":"","potentialAction":[{"@type":"SearchAction","target":{"@type":"EntryPoint","urlTemplate":"https:\/\/vienibaspsk.lv\/?s={search_term_string}"},"query-input":"required name=search_term_string"}],"inLanguage":"lv-LV"},{"@type":"ImageObject","@id":"https:\/\/vienibaspsk.lv\/index.php\/2020\/11\/17\/sveiciens-latvijas-republikas-proklamesanas-gadadiena\/#primaryimage","inLanguage":"lv-LV","url":"https:\/\/vienibaspsk.lv\/wp-content\/uploads\/2020\/11\/Apsveikums18nov.short_.jpg","contentUrl":"https:\/\/vienibaspsk.lv\/wp-content\/uploads\/2020\/11\/Apsveikums18nov.short_.jpg","width":1280,"height":960},{"@type":"WebPage","@id":"https:\/\/vienibaspsk.lv\/index.php\/2020\/11\/17\/sveiciens-latvijas-republikas-proklamesanas-gadadiena\/#webpage","url":"https:\/\/vienibaspsk.lv\/index.php\/2020\/11\/17\/sveiciens-latvijas-republikas-proklamesanas-gadadiena\/","name":"Sveiciens Latvijas Republikas proklam\u0113\u0161anas gadadien\u0101! - Daugavpils Vien\u012bbas pamatskola","isPartOf":{"@id":"https:\/\/vienibaspsk.lv\/#website"},"primaryImageOfPage":{"@id":"https:\/\/vienibaspsk.lv\/index.php\/2020\/11\/17\/sveiciens-latvijas-republikas-proklamesanas-gadadiena\/#primaryimage"},"datePublished":"2020-11-17T09:19:59+00:00","dateModified":"2024-08-27T06:59:54+00:00","author":{"@id":"https:\/\/vienibaspsk.lv\/#\/schema\/person\/d047a0e61f9508152ab5e6f85a98c7c3"},"breadcrumb":{"@id":"https:\/\/vienibaspsk.lv\/index.php\/2020\/11\/17\/sveiciens-latvijas-republikas-proklamesanas-gadadiena\/#breadcrumb"},"inLanguage":"lv-LV","potentialAction":[{"@type":"ReadAction","target":["https:\/\/vienibaspsk.lv\/index.php\/2020\/11\/17\/sveiciens-latvijas-republikas-proklamesanas-gadadiena\/"]}]},{"@type":"BreadcrumbList","@id":"https:\/\/vienibaspsk.lv\/index.php\/2020\/11\/17\/sveiciens-latvijas-republikas-proklamesanas-gadadiena\/#breadcrumb","itemListElement":[{"@type":"ListItem","position":1,"name":"Galven\u0101","item":"https:\/\/vienibaspsk.lv\/"},{"@type":"ListItem","position":2,"name":"Sveiciens Latvijas Republikas proklam\u0113\u0161anas gadadien\u0101!"}]},{"@type":"Person","@id":"https:\/\/vienibaspsk.lv\/#\/schema\/person\/d047a0e61f9508152ab5e6f85a98c7c3","name":"\u0112riks Macijevskis","image":{"@type":"ImageObject","@id":"https:\/\/vienibaspsk.lv\/#personlogo","inLanguage":"lv-LV","url":"https:\/\/secure.gravatar.com\/avatar\/29982a41dd109e1f84b875f119d056d0c6c0865cf3aa2a394c6bc26fe5f37e25?s=96&d=mm&r=g","contentUrl":"https:\/\/secure.gravatar.com\/avatar\/29982a41dd109e1f84b875f119d056d0c6c0865cf3aa2a394c6bc26fe5f37e25?s=96&d=mm&r=g","caption":"\u0112riks Macijevskis"},"url":"https:\/\/vienibaspsk.lv\/index.php\/author\/dvpsk\/"}]}},"modified_by":"\u0112riks Macijevskis","_links":{"self":[{"href":"https:\/\/vienibaspsk.lv\/index.php\/wp-json\/wp\/v2\/posts\/1489","targetHints":{"allow":["GET"]}}],"collection":[{"href":"https:\/\/vienibaspsk.lv\/index.php\/wp-json\/wp\/v2\/posts"}],"about":[{"href":"https:\/\/vienibaspsk.lv\/index.php\/wp-json\/wp\/v2\/types\/post"}],"author":[{"embeddable":true,"href":"https:\/\/vienibaspsk.lv\/index.php\/wp-json\/wp\/v2\/users\/2"}],"replies":[{"embeddable":true,"href":"https:\/\/vienibaspsk.lv\/index.php\/wp-json\/wp\/v2\/comments?post=1489"}],"version-history":[{"count":1,"href":"https:\/\/vienibaspsk.lv\/index.php\/wp-json\/wp\/v2\/posts\/1489\/revisions"}],"predecessor-version":[{"id":1491,"href":"https:\/\/vienibaspsk.lv\/index.php\/wp-json\/wp\/v2\/posts\/1489\/revisions\/1491"}],"wp:featuredmedia":[{"embeddable":true,"href":"https:\/\/vienibaspsk.lv\/index.php\/wp-json\/wp\/v2\/media\/1490"}],"wp:attachment":[{"href":"https:\/\/vienibaspsk.lv\/index.php\/wp-json\/wp\/v2\/media?parent=1489"}],"wp:term":[{"taxonomy":"category","embeddable":true,"href":"https:\/\/vienibaspsk.lv\/index.php\/wp-json\/wp\/v2\/categories?post=1489"},{"taxonomy":"post_tag","embeddable":true,"href":"https:\/\/vienibaspsk.lv\/index.php\/wp-json\/wp\/v2\/tags?post=1489"}],"curies":[{"name":"wp","href":"https:\/\/api.w.org\/{rel}","templated":true}]}}