{"id":1451,"date":"2020-11-13T08:48:49","date_gmt":"2020-11-13T06:48:49","guid":{"rendered":"http:\/\/vienibaspsk.lv\/?p=1451"},"modified":"2024-08-27T09:59:54","modified_gmt":"2024-08-27T06:59:54","slug":"karjeras-nedela-2020","status":"publish","type":"post","link":"https:\/\/vienibaspsk.lv\/index.php\/2020\/11\/13\/karjeras-nedela-2020\/","title":{"rendered":"Karjeras ned\u0113\u013ca &#8211; 2020."},"content":{"rendered":"\n<p>Karjeras ned\u0113\u013ca ir&nbsp;ikgad\u0113js pas\u0101kumu cikls, kas aktualiz\u0113 savlaic\u012bgas un apzin\u0101tas t\u0101l\u0101k\u0101s izgl\u012bt\u012bbas un karjeras izv\u0113les noz\u012bmi veiksm\u012bgas personisk\u0101s dz\u012bves veido\u0161an\u0101.<\/p>\n\n\n\n<p>\u0160ogad Karjeras ned\u0113\u013cas pas\u0101kumos iesaist\u012bj\u0101s jaunie\u0161i no kopum\u0101 70 pils\u0113tu, novadu un pa\u0161vald\u012bbu apvien\u012bbu izgl\u012bt\u012bbas iest\u0101d\u0113m un 17 Profesion\u0101l\u0101s izgl\u012bt\u012bbas kompetences centriem. Karjeras ned\u0113\u013cas pas\u0101kumos no 26. l\u012bdz 30. oktobrim izgl\u012bt\u012bbas iest\u0101d\u0113s vis\u0101 Latvij\u0101 \u0161ogad vair\u0101k nek\u0101 1080 da\u017e\u0101dos grupu pas\u0101kumos att\u0101lin\u0101ti un tie\u0161raid\u0113s piedal\u012bju\u0161ies vair\u0101k nek\u0101 68 000 jaunie\u0161i. Mudinot jaunie\u0161us pie\u0146emt izsv\u0113rtu l\u0113mumu par profesijas izv\u0113li, \u0161\u012b gada Karjeras ned\u0113\u013cas aizvad\u012bta ar saukli \u201cKlau! Sadzirdi un liec aiz auss\u201d, aicinot izmantot jaunie\u0161iem pla\u0161i pieejamo karjeras atbalstu un ieklaus\u012bties skolot\u0101ju, karjeras konsultantu un vec\u0101ku padomos.<em> \u201cIr liels gandar\u012bjums, ka \u0161\u012b gada COVID ierobe\u017eojumi nebija \u0161\u0137\u0113rslis veiksm\u012bgai Karjeras ned\u0113\u013cas norisei\u201d t\u0101 raksta <\/em>izgl\u012bt\u012bbas att\u012bst\u012bbas a\u0123ent\u016bras (VIAA) inform\u0101cijas un karjeras atbalsta departamenta direktore Valda Akmenti\u0146a.<\/p>\n\n\n\n<figure class=\"wp-block-image size-large\"><img loading=\"lazy\" decoding=\"async\" width=\"1024\" height=\"555\" src=\"https:\/\/vienibaspsk.lv\/wp-content\/uploads\/2020\/11\/title-1024x555.jpg\" alt=\"\" class=\"wp-image-1452\" srcset=\"https:\/\/vienibaspsk.lv\/wp-content\/uploads\/2020\/11\/title-1024x555.jpg 1024w, https:\/\/vienibaspsk.lv\/wp-content\/uploads\/2020\/11\/title-300x163.jpg 300w, https:\/\/vienibaspsk.lv\/wp-content\/uploads\/2020\/11\/title-768x416.jpg 768w, https:\/\/vienibaspsk.lv\/wp-content\/uploads\/2020\/11\/title.jpg 1200w\" sizes=\"auto, (max-width: 1024px) 100vw, 1024px\" \/><\/figure>\n\n\n\n<p>M\u016bsu skolas skol\u0113ni kop\u0101 ar saviem kla\u0161u audzin\u0101t\u0101jiem veidoja audzin\u0101\u0161anas stundas un skolas psiholo\u0123e past\u0101st\u012bja par savu darbu 1. kla\u0161u skol\u0113niem.<\/p>\n\n\n\n<p>1.b klase &#8211; klases stunda &#8220;Kad es izaug\u0161u&#8230;&#8221; Tika organiz\u0113ta tik\u0161an\u0101s ar skolas psiholo\u0123i &#8220;Psihologa profesija&#8221;.<\/p>\n\n\n\n<p>1.c klases stund\u0101 stundas t\u0113ma &#8211; &#8220;Vec\u0101ku profesijas b\u0113rnu ac\u012bm&#8221;.<\/p>\n\n\n\n<p>2.a klase tika organiz\u0113ta soci\u0101lo zin\u012bbu stunda\u201dProfesiju pasaule\u201d.&nbsp;Aktivit\u0101te &#8220;Esi v\u0113r\u012bgs!&#8221;<\/p>\n\n\n\n<p>2.b klases&nbsp; stundas t\u0113ma bija \u201eProfesiju daudzveid\u012bba. Manu vec\u0101ku darbs. M\u0101c\u012bbas skol\u0113nu darbs.\u201d<\/p>\n\n\n\n<p>3.a klases audzin\u0101\u0161anas stundas t\u0113ma bija &#8220;Mana m\u012b\u013c\u0101k\u0101 skano\u0161\u0101 profesija&#8221;.<\/p>\n\n\n\n<p>3.b klas\u0113 tika organiz\u0113ta klases stunda \u201eProfesiju daudzveid\u012bba\u201d.<\/p>\n\n\n\n<p>3.c klas\u0113 tika organiz\u0113ta stunda \u201eProfesiju daudzveid\u012bba\u201d un klase piedal\u012bj\u0101s B\u016bvniec\u012bbas Tehnikuma pied\u0101v\u0101taj\u0101s aktivit\u0101t\u0113s.<\/p>\n\n\n\n<p>4.c klas\u0113 tika novad\u012bta B\u016bvniec\u012bbas tehnikuma sp\u0113le klases stundas laik\u0101.<\/p>\n\n\n\n<p>4.a skol\u0113ni diskut\u0113ja par vec\u0101ku profesij\u0101m, da\u017ei vec\u0101ki ats\u016bt\u012bja savu darbavietu foto, vi\u0146u b\u0113rni st\u0101st\u012bja par daba specifiku, izgl\u012bt\u012bbu. Skol\u0113ni sarakst\u012bj\u0101s ar Tirdzniec\u012bbas skolu, kura pied\u0101v\u0101ja savu profesiju aprakstus, sp\u0113li.<\/p>\n\n\n\n<p>5.a klases audzin\u0101\u0161anas stunda tika velt\u012bta karjeras ned\u0113\u013cai &#8220;Iepaz\u012bsti pareizas profesijas izv\u0113les ce\u013cu&#8221; \u2013 skol\u0113ni iepazina un diskut\u0113ja par pareizas profesijas izv\u0113les priek\u0161nosac\u012bjumiem, izgl\u012bt\u012bbas ce\u013cu un studiju iesp\u0113j\u0101m, lai apg\u016btu izv\u0113l\u0113to profesiju.<\/p>\n\n\n\n<p>5. b klases skol\u0113ni kop\u0101 ar savu audzin\u0101t\u0101ju klases stund\u0101 sarun\u0101j\u0101s par to, k\u0101&nbsp; var pavad\u012bt savu br\u012bvo laiku ar m\u0113r\u0137i un dom\u0101m par n\u0101kotni. Audzin\u0101\u0161anas stundas t\u0113ma bija &#8220;Br\u012bvais laiks un t\u0101 izmanto\u0161ana&#8221;.<\/p>\n\n\n\n<p>5.c klas\u0113 tika organiz\u0113ta stunda &#8220;N\u0101kotnes profesijas&#8221;.<\/p>\n\n\n\n<p>6.c notika klases stunda velt\u012bta &#8220;Karjeras ned\u0113\u013cai&#8221;.&nbsp;<\/p>\n\n\n\n<p>Sadarb\u012bb\u0101 ar psihologi Tatjanu Laiz\u0101ni tika organiz\u0113ta stunda b\u0113rniem, kur\u0101 vi\u0146a past\u0101st\u012bja par profesiju skolas psihologs.<\/p>\n\n\n\n<p>Skolas psiholo\u0123e piedal\u012bj\u0101s 1.d klases audzin\u0101\u0161anas stund\u0101.<\/p>\n\n\n\n<p>Karjeras ned\u0113\u013cas laik\u0101 tika demonstr\u0113tas video filmas par da\u017e\u0101d\u0101m profesion\u0101l\u0101m nozar\u0113m.<\/p>\n\n\n\n<p>Tika organiz\u0113tas individu\u0101las konsult\u0101cijas 7.-9. kla\u0161u skol\u0113niem Zoom.us platform\u0101. Karjeras konsultante atbild\u0113ja uz skol\u0113nus interes\u0113jo\u0161iem jaut\u0101jumiem att\u0101lin\u0101ti.<\/p>\n\n\n\n<p>Skol\u0101 tika organiz\u0113ta z\u012bm\u0113jumu izst\u0101de1.\u20136. kla\u0161u skol\u0113niem<br>\u201cSkano\u0161\u0101s profesijas!\u201d<\/p>\n\n\n\n<p>Skolot\u0101ja L\u012bga Midere -David\u010duka un 1.-3.kla\u0161u audzin\u0101t\u0101jas akt\u012bvi z\u012bm\u0113ja &#8220;Skano\u0161\u0101s profesijas&#8221; vizu\u0101l\u0101s m\u0101kslas stund\u0101s. Skol\u0113ni savos z\u012bm\u0113jumos atainoja savu redz\u0113jumu par profesij\u0101m, kuras var sadzird\u0113t apk\u0101rt\u0113jie vai ar\u012b profesijas, kur\u0101s noz\u012bm\u012bgi un svar\u012bgi ir sadzird\u0113t.<\/p>\n\n\n\n<p>Akt\u012bv\u0101kie skol\u0113ni un skolot\u0101ji tika apbalvoti ar diplomiem un pateic\u012bb\u0101m. Paldies skolot\u0101j\u0101m un kla\u0161u audzin\u0101t\u0101j\u0101m: sk. R. Stan\u0137evi\u010dai, sk. A. Krauklei, sk. A. Plotkai, sk. \u0100.Leinei, sk. A. Grauzei un sk. L. Miderei \u2013David\u010dukai par akt\u012bvu iesaist\u012b\u0161anos skolas z\u012bm\u0113jumu izst\u0101des organiz\u0113\u0161an\u0101.<\/p>\n\n\n\n<p>Kop\u0101 Karjeras ned\u0113\u013cas pas\u0101kumos tika iesaist\u012bti gandr\u012bz visi m\u016bsu skolas skol\u0113ni. Paldies vis\u0101m skolot\u0101j\u0101m, kla\u0161u audzin\u0101t\u0101j\u0101m un psiholo\u0123ei par akt\u012bvu l\u012bdzdal\u012bbu Karjeras ned\u0113\u013cas 2020 organiz\u0113\u0161an\u0101!<\/p>\n\n\n\nngg_shortcode_0_placeholder\n\n\n\n<p><em>Karjeras konsultante Sandra \u0160apale.<\/em><\/p>\n","protected":false},"excerpt":{"rendered":"<p>Karjeras ned\u0113\u013ca ir&nbsp;ikgad\u0113js pas\u0101kumu cikls, kas aktualiz\u0113 savlaic\u012bgas un apzin\u0101tas t\u0101l\u0101k\u0101s izgl\u012bt\u012bbas un karjeras izv\u0113les noz\u012bmi veiksm\u012bgas personisk\u0101s dz\u012bves veido\u0161an\u0101. \u0160ogad Karjeras ned\u0113\u013cas pas\u0101kumos iesaist\u012bj\u0101s jaunie\u0161i no kopum\u0101 70 pils\u0113tu, &#8230;<\/p>\n","protected":false},"author":2,"featured_media":1452,"comment_status":"closed","ping_status":"closed","sticky":false,"template":"","format":"standard","meta":{"_lmt_disableupdate":"","_lmt_disable":"","ngg_post_thumbnail":0,"footnotes":""},"categories":[12],"tags":[],"class_list":["post-1451","post","type-post","status-publish","format-standard","has-post-thumbnail","hentry","category-2020-2021"],"yoast_head":"<!-- This site is optimized with the Yoast SEO plugin v18.3 - https:\/\/yoast.com\/wordpress\/plugins\/seo\/ -->\n<title>Karjeras ned\u0113\u013ca - 2020. - Daugavpils Vien\u012bbas pamatskola<\/title>\n<meta name=\"robots\" content=\"index, follow, max-snippet:-1, max-image-preview:large, max-video-preview:-1\" \/>\n<link rel=\"canonical\" href=\"https:\/\/vienibaspsk.lv\/index.php\/2020\/11\/13\/karjeras-nedela-2020\/\" \/>\n<meta property=\"og:locale\" content=\"lv_LV\" \/>\n<meta property=\"og:type\" content=\"article\" \/>\n<meta property=\"og:title\" content=\"Karjeras ned\u0113\u013ca - 2020. - Daugavpils Vien\u012bbas pamatskola\" \/>\n<meta property=\"og:description\" content=\"Karjeras ned\u0113\u013ca ir&nbsp;ikgad\u0113js pas\u0101kumu cikls, kas aktualiz\u0113 savlaic\u012bgas un apzin\u0101tas t\u0101l\u0101k\u0101s izgl\u012bt\u012bbas un karjeras izv\u0113les noz\u012bmi veiksm\u012bgas personisk\u0101s dz\u012bves veido\u0161an\u0101. \u0160ogad Karjeras ned\u0113\u013cas pas\u0101kumos iesaist\u012bj\u0101s jaunie\u0161i no kopum\u0101 70 pils\u0113tu, ...\" \/>\n<meta property=\"og:url\" content=\"https:\/\/vienibaspsk.lv\/index.php\/2020\/11\/13\/karjeras-nedela-2020\/\" \/>\n<meta property=\"og:site_name\" content=\"Daugavpils Vien\u012bbas pamatskola\" \/>\n<meta property=\"article:published_time\" content=\"2020-11-13T06:48:49+00:00\" \/>\n<meta property=\"article:modified_time\" content=\"2024-08-27T06:59:54+00:00\" \/>\n<meta property=\"og:image\" content=\"https:\/\/vienibaspsk.lv\/wp-content\/uploads\/2020\/11\/title.jpg\" \/>\n\t<meta property=\"og:image:width\" content=\"1200\" \/>\n\t<meta property=\"og:image:height\" content=\"650\" \/>\n\t<meta property=\"og:image:type\" content=\"image\/jpeg\" \/>\n<meta name=\"twitter:card\" content=\"summary_large_image\" \/>\n<meta name=\"twitter:label1\" content=\"Written by\" \/>\n\t<meta name=\"twitter:data1\" content=\"\u0112riks Macijevskis\" \/>\n\t<meta name=\"twitter:label2\" content=\"Est. reading time\" \/>\n\t<meta name=\"twitter:data2\" content=\"4 min\u016btes\" \/>\n<script type=\"application\/ld+json\" class=\"yoast-schema-graph\">{\"@context\":\"https:\/\/schema.org\",\"@graph\":[{\"@type\":\"WebSite\",\"@id\":\"https:\/\/vienibaspsk.lv\/#website\",\"url\":\"https:\/\/vienibaspsk.lv\/\",\"name\":\"Daugavpils Vien\u012bbas pamatskola\",\"description\":\"\",\"potentialAction\":[{\"@type\":\"SearchAction\",\"target\":{\"@type\":\"EntryPoint\",\"urlTemplate\":\"https:\/\/vienibaspsk.lv\/?s={search_term_string}\"},\"query-input\":\"required name=search_term_string\"}],\"inLanguage\":\"lv-LV\"},{\"@type\":\"ImageObject\",\"@id\":\"https:\/\/vienibaspsk.lv\/index.php\/2020\/11\/13\/karjeras-nedela-2020\/#primaryimage\",\"inLanguage\":\"lv-LV\",\"url\":\"https:\/\/vienibaspsk.lv\/wp-content\/uploads\/2020\/11\/title.jpg\",\"contentUrl\":\"https:\/\/vienibaspsk.lv\/wp-content\/uploads\/2020\/11\/title.jpg\",\"width\":1200,\"height\":650},{\"@type\":\"WebPage\",\"@id\":\"https:\/\/vienibaspsk.lv\/index.php\/2020\/11\/13\/karjeras-nedela-2020\/#webpage\",\"url\":\"https:\/\/vienibaspsk.lv\/index.php\/2020\/11\/13\/karjeras-nedela-2020\/\",\"name\":\"Karjeras ned\u0113\u013ca - 2020. - Daugavpils Vien\u012bbas pamatskola\",\"isPartOf\":{\"@id\":\"https:\/\/vienibaspsk.lv\/#website\"},\"primaryImageOfPage\":{\"@id\":\"https:\/\/vienibaspsk.lv\/index.php\/2020\/11\/13\/karjeras-nedela-2020\/#primaryimage\"},\"datePublished\":\"2020-11-13T06:48:49+00:00\",\"dateModified\":\"2024-08-27T06:59:54+00:00\",\"author\":{\"@id\":\"https:\/\/vienibaspsk.lv\/#\/schema\/person\/d047a0e61f9508152ab5e6f85a98c7c3\"},\"breadcrumb\":{\"@id\":\"https:\/\/vienibaspsk.lv\/index.php\/2020\/11\/13\/karjeras-nedela-2020\/#breadcrumb\"},\"inLanguage\":\"lv-LV\",\"potentialAction\":[{\"@type\":\"ReadAction\",\"target\":[\"https:\/\/vienibaspsk.lv\/index.php\/2020\/11\/13\/karjeras-nedela-2020\/\"]}]},{\"@type\":\"BreadcrumbList\",\"@id\":\"https:\/\/vienibaspsk.lv\/index.php\/2020\/11\/13\/karjeras-nedela-2020\/#breadcrumb\",\"itemListElement\":[{\"@type\":\"ListItem\",\"position\":1,\"name\":\"Galven\u0101\",\"item\":\"https:\/\/vienibaspsk.lv\/\"},{\"@type\":\"ListItem\",\"position\":2,\"name\":\"Karjeras ned\u0113\u013ca &#8211; 2020.\"}]},{\"@type\":\"Person\",\"@id\":\"https:\/\/vienibaspsk.lv\/#\/schema\/person\/d047a0e61f9508152ab5e6f85a98c7c3\",\"name\":\"\u0112riks Macijevskis\",\"image\":{\"@type\":\"ImageObject\",\"@id\":\"https:\/\/vienibaspsk.lv\/#personlogo\",\"inLanguage\":\"lv-LV\",\"url\":\"https:\/\/secure.gravatar.com\/avatar\/29982a41dd109e1f84b875f119d056d0c6c0865cf3aa2a394c6bc26fe5f37e25?s=96&d=mm&r=g\",\"contentUrl\":\"https:\/\/secure.gravatar.com\/avatar\/29982a41dd109e1f84b875f119d056d0c6c0865cf3aa2a394c6bc26fe5f37e25?s=96&d=mm&r=g\",\"caption\":\"\u0112riks Macijevskis\"},\"url\":\"https:\/\/vienibaspsk.lv\/index.php\/author\/dvpsk\/\"}]}<\/script>\n<!-- \/ Yoast SEO plugin. -->","yoast_head_json":{"title":"Karjeras ned\u0113\u013ca - 2020. - Daugavpils Vien\u012bbas pamatskola","robots":{"index":"index","follow":"follow","max-snippet":"max-snippet:-1","max-image-preview":"max-image-preview:large","max-video-preview":"max-video-preview:-1"},"canonical":"https:\/\/vienibaspsk.lv\/index.php\/2020\/11\/13\/karjeras-nedela-2020\/","og_locale":"lv_LV","og_type":"article","og_title":"Karjeras ned\u0113\u013ca - 2020. - Daugavpils Vien\u012bbas pamatskola","og_description":"Karjeras ned\u0113\u013ca ir&nbsp;ikgad\u0113js pas\u0101kumu cikls, kas aktualiz\u0113 savlaic\u012bgas un apzin\u0101tas t\u0101l\u0101k\u0101s izgl\u012bt\u012bbas un karjeras izv\u0113les noz\u012bmi veiksm\u012bgas personisk\u0101s dz\u012bves veido\u0161an\u0101. \u0160ogad Karjeras ned\u0113\u013cas pas\u0101kumos iesaist\u012bj\u0101s jaunie\u0161i no kopum\u0101 70 pils\u0113tu, ...","og_url":"https:\/\/vienibaspsk.lv\/index.php\/2020\/11\/13\/karjeras-nedela-2020\/","og_site_name":"Daugavpils Vien\u012bbas pamatskola","article_published_time":"2020-11-13T06:48:49+00:00","article_modified_time":"2024-08-27T06:59:54+00:00","og_image":[{"width":1200,"height":650,"url":"https:\/\/vienibaspsk.lv\/wp-content\/uploads\/2020\/11\/title.jpg","type":"image\/jpeg"}],"twitter_card":"summary_large_image","twitter_misc":{"Written by":"\u0112riks Macijevskis","Est. reading time":"4 min\u016btes"},"schema":{"@context":"https:\/\/schema.org","@graph":[{"@type":"WebSite","@id":"https:\/\/vienibaspsk.lv\/#website","url":"https:\/\/vienibaspsk.lv\/","name":"Daugavpils Vien\u012bbas pamatskola","description":"","potentialAction":[{"@type":"SearchAction","target":{"@type":"EntryPoint","urlTemplate":"https:\/\/vienibaspsk.lv\/?s={search_term_string}"},"query-input":"required name=search_term_string"}],"inLanguage":"lv-LV"},{"@type":"ImageObject","@id":"https:\/\/vienibaspsk.lv\/index.php\/2020\/11\/13\/karjeras-nedela-2020\/#primaryimage","inLanguage":"lv-LV","url":"https:\/\/vienibaspsk.lv\/wp-content\/uploads\/2020\/11\/title.jpg","contentUrl":"https:\/\/vienibaspsk.lv\/wp-content\/uploads\/2020\/11\/title.jpg","width":1200,"height":650},{"@type":"WebPage","@id":"https:\/\/vienibaspsk.lv\/index.php\/2020\/11\/13\/karjeras-nedela-2020\/#webpage","url":"https:\/\/vienibaspsk.lv\/index.php\/2020\/11\/13\/karjeras-nedela-2020\/","name":"Karjeras ned\u0113\u013ca - 2020. - Daugavpils Vien\u012bbas pamatskola","isPartOf":{"@id":"https:\/\/vienibaspsk.lv\/#website"},"primaryImageOfPage":{"@id":"https:\/\/vienibaspsk.lv\/index.php\/2020\/11\/13\/karjeras-nedela-2020\/#primaryimage"},"datePublished":"2020-11-13T06:48:49+00:00","dateModified":"2024-08-27T06:59:54+00:00","author":{"@id":"https:\/\/vienibaspsk.lv\/#\/schema\/person\/d047a0e61f9508152ab5e6f85a98c7c3"},"breadcrumb":{"@id":"https:\/\/vienibaspsk.lv\/index.php\/2020\/11\/13\/karjeras-nedela-2020\/#breadcrumb"},"inLanguage":"lv-LV","potentialAction":[{"@type":"ReadAction","target":["https:\/\/vienibaspsk.lv\/index.php\/2020\/11\/13\/karjeras-nedela-2020\/"]}]},{"@type":"BreadcrumbList","@id":"https:\/\/vienibaspsk.lv\/index.php\/2020\/11\/13\/karjeras-nedela-2020\/#breadcrumb","itemListElement":[{"@type":"ListItem","position":1,"name":"Galven\u0101","item":"https:\/\/vienibaspsk.lv\/"},{"@type":"ListItem","position":2,"name":"Karjeras ned\u0113\u013ca &#8211; 2020."}]},{"@type":"Person","@id":"https:\/\/vienibaspsk.lv\/#\/schema\/person\/d047a0e61f9508152ab5e6f85a98c7c3","name":"\u0112riks Macijevskis","image":{"@type":"ImageObject","@id":"https:\/\/vienibaspsk.lv\/#personlogo","inLanguage":"lv-LV","url":"https:\/\/secure.gravatar.com\/avatar\/29982a41dd109e1f84b875f119d056d0c6c0865cf3aa2a394c6bc26fe5f37e25?s=96&d=mm&r=g","contentUrl":"https:\/\/secure.gravatar.com\/avatar\/29982a41dd109e1f84b875f119d056d0c6c0865cf3aa2a394c6bc26fe5f37e25?s=96&d=mm&r=g","caption":"\u0112riks Macijevskis"},"url":"https:\/\/vienibaspsk.lv\/index.php\/author\/dvpsk\/"}]}},"modified_by":"\u0112riks Macijevskis","_links":{"self":[{"href":"https:\/\/vienibaspsk.lv\/index.php\/wp-json\/wp\/v2\/posts\/1451","targetHints":{"allow":["GET"]}}],"collection":[{"href":"https:\/\/vienibaspsk.lv\/index.php\/wp-json\/wp\/v2\/posts"}],"about":[{"href":"https:\/\/vienibaspsk.lv\/index.php\/wp-json\/wp\/v2\/types\/post"}],"author":[{"embeddable":true,"href":"https:\/\/vienibaspsk.lv\/index.php\/wp-json\/wp\/v2\/users\/2"}],"replies":[{"embeddable":true,"href":"https:\/\/vienibaspsk.lv\/index.php\/wp-json\/wp\/v2\/comments?post=1451"}],"version-history":[{"count":3,"href":"https:\/\/vienibaspsk.lv\/index.php\/wp-json\/wp\/v2\/posts\/1451\/revisions"}],"predecessor-version":[{"id":1465,"href":"https:\/\/vienibaspsk.lv\/index.php\/wp-json\/wp\/v2\/posts\/1451\/revisions\/1465"}],"wp:featuredmedia":[{"embeddable":true,"href":"https:\/\/vienibaspsk.lv\/index.php\/wp-json\/wp\/v2\/media\/1452"}],"wp:attachment":[{"href":"https:\/\/vienibaspsk.lv\/index.php\/wp-json\/wp\/v2\/media?parent=1451"}],"wp:term":[{"taxonomy":"category","embeddable":true,"href":"https:\/\/vienibaspsk.lv\/index.php\/wp-json\/wp\/v2\/categories?post=1451"},{"taxonomy":"post_tag","embeddable":true,"href":"https:\/\/vienibaspsk.lv\/index.php\/wp-json\/wp\/v2\/tags?post=1451"}],"curies":[{"name":"wp","href":"https:\/\/api.w.org\/{rel}","templated":true}]}}