{"id":1374,"date":"2020-10-15T11:18:14","date_gmt":"2020-10-15T08:18:14","guid":{"rendered":"http:\/\/vienibaspsk.lv\/?p=1374"},"modified":"2024-08-27T10:00:01","modified_gmt":"2024-08-27T07:00:01","slug":"valsts-prezidents-egils-levits-aicina-jauniesus-klut-par-valsts-valodas-sargu-un-isa-video-izteikt-kapec-latviesu-valoda-jauniesiem-ir-mila-un-darga","status":"publish","type":"post","link":"https:\/\/vienibaspsk.lv\/index.php\/2020\/10\/15\/valsts-prezidents-egils-levits-aicina-jauniesus-klut-par-valsts-valodas-sargu-un-isa-video-izteikt-kapec-latviesu-valoda-jauniesiem-ir-mila-un-darga\/","title":{"rendered":"Valsts prezidents Egils Levits aicina jaunie\u0161us k\u013c\u016bt par valsts valodas sargu un \u012bs\u0101 video izteikt, k\u0101p\u0113c latvie\u0161u valoda jaunie\u0161iem ir m\u012b\u013ca un d\u0101rga."},"content":{"rendered":"\n<figure class=\"wp-block-embed-youtube wp-block-embed is-type-video is-provider-youtube wp-embed-aspect-16-9 wp-has-aspect-ratio\"><div class=\"wp-block-embed__wrapper\">\n<iframe loading=\"lazy\" title=\"15.10.2020. Valsts prezidenta Egila Levita aicin\u0101jums jaunie\u0161iem k\u013c\u016bt par valsts valodas sargu\" width=\"800\" height=\"450\" src=\"https:\/\/www.youtube.com\/embed\/L5XNkx0TZj8?feature=oembed\" frameborder=\"0\" allow=\"accelerometer; autoplay; clipboard-write; encrypted-media; gyroscope; picture-in-picture\" allowfullscreen><\/iframe>\n<\/div><\/figure>\n","protected":false},"excerpt":{"rendered":"","protected":false},"author":2,"featured_media":1375,"comment_status":"closed","ping_status":"closed","sticky":false,"template":"","format":"standard","meta":{"_lmt_disableupdate":"","_lmt_disable":"","ngg_post_thumbnail":0,"footnotes":""},"categories":[12],"tags":[],"class_list":["post-1374","post","type-post","status-publish","format-standard","has-post-thumbnail","hentry","category-2020-2021"],"yoast_head":"<!-- This site is optimized with the Yoast SEO plugin v18.3 - https:\/\/yoast.com\/wordpress\/plugins\/seo\/ -->\n<title>Valsts prezidents Egils Levits aicina jaunie\u0161us k\u013c\u016bt par valsts valodas sargu un \u012bs\u0101 video izteikt, k\u0101p\u0113c latvie\u0161u valoda jaunie\u0161iem ir m\u012b\u013ca un d\u0101rga. - Daugavpils Vien\u012bbas pamatskola<\/title>\n<meta name=\"robots\" content=\"index, follow, max-snippet:-1, max-image-preview:large, max-video-preview:-1\" \/>\n<link rel=\"canonical\" href=\"https:\/\/vienibaspsk.lv\/index.php\/2020\/10\/15\/valsts-prezidents-egils-levits-aicina-jauniesus-klut-par-valsts-valodas-sargu-un-isa-video-izteikt-kapec-latviesu-valoda-jauniesiem-ir-mila-un-darga\/\" \/>\n<meta property=\"og:locale\" content=\"lv_LV\" \/>\n<meta property=\"og:type\" content=\"article\" \/>\n<meta property=\"og:title\" content=\"Valsts prezidents Egils Levits aicina jaunie\u0161us k\u013c\u016bt par valsts valodas sargu un \u012bs\u0101 video izteikt, k\u0101p\u0113c latvie\u0161u valoda jaunie\u0161iem ir m\u012b\u013ca un d\u0101rga. - Daugavpils Vien\u012bbas pamatskola\" \/>\n<meta property=\"og:url\" content=\"https:\/\/vienibaspsk.lv\/index.php\/2020\/10\/15\/valsts-prezidents-egils-levits-aicina-jauniesus-klut-par-valsts-valodas-sargu-un-isa-video-izteikt-kapec-latviesu-valoda-jauniesiem-ir-mila-un-darga\/\" \/>\n<meta property=\"og:site_name\" content=\"Daugavpils Vien\u012bbas pamatskola\" \/>\n<meta property=\"article:published_time\" content=\"2020-10-15T08:18:14+00:00\" \/>\n<meta property=\"article:modified_time\" content=\"2024-08-27T07:00:01+00:00\" \/>\n<meta property=\"og:image\" content=\"https:\/\/vienibaspsk.lv\/wp-content\/uploads\/2020\/10\/468732_c4cbd7e738.jpg\" \/>\n\t<meta property=\"og:image:width\" content=\"1250\" \/>\n\t<meta property=\"og:image:height\" content=\"729\" \/>\n\t<meta property=\"og:image:type\" content=\"image\/jpeg\" \/>\n<meta name=\"twitter:card\" content=\"summary_large_image\" \/>\n<meta name=\"twitter:label1\" content=\"Written by\" \/>\n\t<meta name=\"twitter:data1\" content=\"\u0112riks Macijevskis\" \/>\n<script type=\"application\/ld+json\" class=\"yoast-schema-graph\">{\"@context\":\"https:\/\/schema.org\",\"@graph\":[{\"@type\":\"WebSite\",\"@id\":\"https:\/\/vienibaspsk.lv\/#website\",\"url\":\"https:\/\/vienibaspsk.lv\/\",\"name\":\"Daugavpils Vien\u012bbas pamatskola\",\"description\":\"\",\"potentialAction\":[{\"@type\":\"SearchAction\",\"target\":{\"@type\":\"EntryPoint\",\"urlTemplate\":\"https:\/\/vienibaspsk.lv\/?s={search_term_string}\"},\"query-input\":\"required name=search_term_string\"}],\"inLanguage\":\"lv-LV\"},{\"@type\":\"ImageObject\",\"@id\":\"https:\/\/vienibaspsk.lv\/index.php\/2020\/10\/15\/valsts-prezidents-egils-levits-aicina-jauniesus-klut-par-valsts-valodas-sargu-un-isa-video-izteikt-kapec-latviesu-valoda-jauniesiem-ir-mila-un-darga\/#primaryimage\",\"inLanguage\":\"lv-LV\",\"url\":\"https:\/\/vienibaspsk.lv\/wp-content\/uploads\/2020\/10\/468732_c4cbd7e738.jpg\",\"contentUrl\":\"https:\/\/vienibaspsk.lv\/wp-content\/uploads\/2020\/10\/468732_c4cbd7e738.jpg\",\"width\":1250,\"height\":729},{\"@type\":\"WebPage\",\"@id\":\"https:\/\/vienibaspsk.lv\/index.php\/2020\/10\/15\/valsts-prezidents-egils-levits-aicina-jauniesus-klut-par-valsts-valodas-sargu-un-isa-video-izteikt-kapec-latviesu-valoda-jauniesiem-ir-mila-un-darga\/#webpage\",\"url\":\"https:\/\/vienibaspsk.lv\/index.php\/2020\/10\/15\/valsts-prezidents-egils-levits-aicina-jauniesus-klut-par-valsts-valodas-sargu-un-isa-video-izteikt-kapec-latviesu-valoda-jauniesiem-ir-mila-un-darga\/\",\"name\":\"Valsts prezidents Egils Levits aicina jaunie\u0161us k\u013c\u016bt par valsts valodas sargu un \u012bs\u0101 video izteikt, k\u0101p\u0113c latvie\u0161u valoda jaunie\u0161iem ir m\u012b\u013ca un d\u0101rga. - Daugavpils Vien\u012bbas pamatskola\",\"isPartOf\":{\"@id\":\"https:\/\/vienibaspsk.lv\/#website\"},\"primaryImageOfPage\":{\"@id\":\"https:\/\/vienibaspsk.lv\/index.php\/2020\/10\/15\/valsts-prezidents-egils-levits-aicina-jauniesus-klut-par-valsts-valodas-sargu-un-isa-video-izteikt-kapec-latviesu-valoda-jauniesiem-ir-mila-un-darga\/#primaryimage\"},\"datePublished\":\"2020-10-15T08:18:14+00:00\",\"dateModified\":\"2024-08-27T07:00:01+00:00\",\"author\":{\"@id\":\"https:\/\/vienibaspsk.lv\/#\/schema\/person\/d047a0e61f9508152ab5e6f85a98c7c3\"},\"breadcrumb\":{\"@id\":\"https:\/\/vienibaspsk.lv\/index.php\/2020\/10\/15\/valsts-prezidents-egils-levits-aicina-jauniesus-klut-par-valsts-valodas-sargu-un-isa-video-izteikt-kapec-latviesu-valoda-jauniesiem-ir-mila-un-darga\/#breadcrumb\"},\"inLanguage\":\"lv-LV\",\"potentialAction\":[{\"@type\":\"ReadAction\",\"target\":[\"https:\/\/vienibaspsk.lv\/index.php\/2020\/10\/15\/valsts-prezidents-egils-levits-aicina-jauniesus-klut-par-valsts-valodas-sargu-un-isa-video-izteikt-kapec-latviesu-valoda-jauniesiem-ir-mila-un-darga\/\"]}]},{\"@type\":\"BreadcrumbList\",\"@id\":\"https:\/\/vienibaspsk.lv\/index.php\/2020\/10\/15\/valsts-prezidents-egils-levits-aicina-jauniesus-klut-par-valsts-valodas-sargu-un-isa-video-izteikt-kapec-latviesu-valoda-jauniesiem-ir-mila-un-darga\/#breadcrumb\",\"itemListElement\":[{\"@type\":\"ListItem\",\"position\":1,\"name\":\"Galven\u0101\",\"item\":\"https:\/\/vienibaspsk.lv\/\"},{\"@type\":\"ListItem\",\"position\":2,\"name\":\"Valsts prezidents Egils Levits aicina jaunie\u0161us k\u013c\u016bt par valsts valodas sargu un \u012bs\u0101 video izteikt, k\u0101p\u0113c latvie\u0161u valoda jaunie\u0161iem ir m\u012b\u013ca un d\u0101rga.\"}]},{\"@type\":\"Person\",\"@id\":\"https:\/\/vienibaspsk.lv\/#\/schema\/person\/d047a0e61f9508152ab5e6f85a98c7c3\",\"name\":\"\u0112riks Macijevskis\",\"image\":{\"@type\":\"ImageObject\",\"@id\":\"https:\/\/vienibaspsk.lv\/#personlogo\",\"inLanguage\":\"lv-LV\",\"url\":\"https:\/\/secure.gravatar.com\/avatar\/29982a41dd109e1f84b875f119d056d0c6c0865cf3aa2a394c6bc26fe5f37e25?s=96&d=mm&r=g\",\"contentUrl\":\"https:\/\/secure.gravatar.com\/avatar\/29982a41dd109e1f84b875f119d056d0c6c0865cf3aa2a394c6bc26fe5f37e25?s=96&d=mm&r=g\",\"caption\":\"\u0112riks Macijevskis\"},\"url\":\"https:\/\/vienibaspsk.lv\/index.php\/author\/dvpsk\/\"}]}<\/script>\n<!-- \/ Yoast SEO plugin. -->","yoast_head_json":{"title":"Valsts prezidents Egils Levits aicina jaunie\u0161us k\u013c\u016bt par valsts valodas sargu un \u012bs\u0101 video izteikt, k\u0101p\u0113c latvie\u0161u valoda jaunie\u0161iem ir m\u012b\u013ca un d\u0101rga. - Daugavpils Vien\u012bbas pamatskola","robots":{"index":"index","follow":"follow","max-snippet":"max-snippet:-1","max-image-preview":"max-image-preview:large","max-video-preview":"max-video-preview:-1"},"canonical":"https:\/\/vienibaspsk.lv\/index.php\/2020\/10\/15\/valsts-prezidents-egils-levits-aicina-jauniesus-klut-par-valsts-valodas-sargu-un-isa-video-izteikt-kapec-latviesu-valoda-jauniesiem-ir-mila-un-darga\/","og_locale":"lv_LV","og_type":"article","og_title":"Valsts prezidents Egils Levits aicina jaunie\u0161us k\u013c\u016bt par valsts valodas sargu un \u012bs\u0101 video izteikt, k\u0101p\u0113c latvie\u0161u valoda jaunie\u0161iem ir m\u012b\u013ca un d\u0101rga. - Daugavpils Vien\u012bbas pamatskola","og_url":"https:\/\/vienibaspsk.lv\/index.php\/2020\/10\/15\/valsts-prezidents-egils-levits-aicina-jauniesus-klut-par-valsts-valodas-sargu-un-isa-video-izteikt-kapec-latviesu-valoda-jauniesiem-ir-mila-un-darga\/","og_site_name":"Daugavpils Vien\u012bbas pamatskola","article_published_time":"2020-10-15T08:18:14+00:00","article_modified_time":"2024-08-27T07:00:01+00:00","og_image":[{"width":1250,"height":729,"url":"https:\/\/vienibaspsk.lv\/wp-content\/uploads\/2020\/10\/468732_c4cbd7e738.jpg","type":"image\/jpeg"}],"twitter_card":"summary_large_image","twitter_misc":{"Written by":"\u0112riks Macijevskis"},"schema":{"@context":"https:\/\/schema.org","@graph":[{"@type":"WebSite","@id":"https:\/\/vienibaspsk.lv\/#website","url":"https:\/\/vienibaspsk.lv\/","name":"Daugavpils Vien\u012bbas pamatskola","description":"","potentialAction":[{"@type":"SearchAction","target":{"@type":"EntryPoint","urlTemplate":"https:\/\/vienibaspsk.lv\/?s={search_term_string}"},"query-input":"required name=search_term_string"}],"inLanguage":"lv-LV"},{"@type":"ImageObject","@id":"https:\/\/vienibaspsk.lv\/index.php\/2020\/10\/15\/valsts-prezidents-egils-levits-aicina-jauniesus-klut-par-valsts-valodas-sargu-un-isa-video-izteikt-kapec-latviesu-valoda-jauniesiem-ir-mila-un-darga\/#primaryimage","inLanguage":"lv-LV","url":"https:\/\/vienibaspsk.lv\/wp-content\/uploads\/2020\/10\/468732_c4cbd7e738.jpg","contentUrl":"https:\/\/vienibaspsk.lv\/wp-content\/uploads\/2020\/10\/468732_c4cbd7e738.jpg","width":1250,"height":729},{"@type":"WebPage","@id":"https:\/\/vienibaspsk.lv\/index.php\/2020\/10\/15\/valsts-prezidents-egils-levits-aicina-jauniesus-klut-par-valsts-valodas-sargu-un-isa-video-izteikt-kapec-latviesu-valoda-jauniesiem-ir-mila-un-darga\/#webpage","url":"https:\/\/vienibaspsk.lv\/index.php\/2020\/10\/15\/valsts-prezidents-egils-levits-aicina-jauniesus-klut-par-valsts-valodas-sargu-un-isa-video-izteikt-kapec-latviesu-valoda-jauniesiem-ir-mila-un-darga\/","name":"Valsts prezidents Egils Levits aicina jaunie\u0161us k\u013c\u016bt par valsts valodas sargu un \u012bs\u0101 video izteikt, k\u0101p\u0113c latvie\u0161u valoda jaunie\u0161iem ir m\u012b\u013ca un d\u0101rga. - Daugavpils Vien\u012bbas pamatskola","isPartOf":{"@id":"https:\/\/vienibaspsk.lv\/#website"},"primaryImageOfPage":{"@id":"https:\/\/vienibaspsk.lv\/index.php\/2020\/10\/15\/valsts-prezidents-egils-levits-aicina-jauniesus-klut-par-valsts-valodas-sargu-un-isa-video-izteikt-kapec-latviesu-valoda-jauniesiem-ir-mila-un-darga\/#primaryimage"},"datePublished":"2020-10-15T08:18:14+00:00","dateModified":"2024-08-27T07:00:01+00:00","author":{"@id":"https:\/\/vienibaspsk.lv\/#\/schema\/person\/d047a0e61f9508152ab5e6f85a98c7c3"},"breadcrumb":{"@id":"https:\/\/vienibaspsk.lv\/index.php\/2020\/10\/15\/valsts-prezidents-egils-levits-aicina-jauniesus-klut-par-valsts-valodas-sargu-un-isa-video-izteikt-kapec-latviesu-valoda-jauniesiem-ir-mila-un-darga\/#breadcrumb"},"inLanguage":"lv-LV","potentialAction":[{"@type":"ReadAction","target":["https:\/\/vienibaspsk.lv\/index.php\/2020\/10\/15\/valsts-prezidents-egils-levits-aicina-jauniesus-klut-par-valsts-valodas-sargu-un-isa-video-izteikt-kapec-latviesu-valoda-jauniesiem-ir-mila-un-darga\/"]}]},{"@type":"BreadcrumbList","@id":"https:\/\/vienibaspsk.lv\/index.php\/2020\/10\/15\/valsts-prezidents-egils-levits-aicina-jauniesus-klut-par-valsts-valodas-sargu-un-isa-video-izteikt-kapec-latviesu-valoda-jauniesiem-ir-mila-un-darga\/#breadcrumb","itemListElement":[{"@type":"ListItem","position":1,"name":"Galven\u0101","item":"https:\/\/vienibaspsk.lv\/"},{"@type":"ListItem","position":2,"name":"Valsts prezidents Egils Levits aicina jaunie\u0161us k\u013c\u016bt par valsts valodas sargu un \u012bs\u0101 video izteikt, k\u0101p\u0113c latvie\u0161u valoda jaunie\u0161iem ir m\u012b\u013ca un d\u0101rga."}]},{"@type":"Person","@id":"https:\/\/vienibaspsk.lv\/#\/schema\/person\/d047a0e61f9508152ab5e6f85a98c7c3","name":"\u0112riks Macijevskis","image":{"@type":"ImageObject","@id":"https:\/\/vienibaspsk.lv\/#personlogo","inLanguage":"lv-LV","url":"https:\/\/secure.gravatar.com\/avatar\/29982a41dd109e1f84b875f119d056d0c6c0865cf3aa2a394c6bc26fe5f37e25?s=96&d=mm&r=g","contentUrl":"https:\/\/secure.gravatar.com\/avatar\/29982a41dd109e1f84b875f119d056d0c6c0865cf3aa2a394c6bc26fe5f37e25?s=96&d=mm&r=g","caption":"\u0112riks Macijevskis"},"url":"https:\/\/vienibaspsk.lv\/index.php\/author\/dvpsk\/"}]}},"modified_by":"\u0112riks Macijevskis","_links":{"self":[{"href":"https:\/\/vienibaspsk.lv\/index.php\/wp-json\/wp\/v2\/posts\/1374","targetHints":{"allow":["GET"]}}],"collection":[{"href":"https:\/\/vienibaspsk.lv\/index.php\/wp-json\/wp\/v2\/posts"}],"about":[{"href":"https:\/\/vienibaspsk.lv\/index.php\/wp-json\/wp\/v2\/types\/post"}],"author":[{"embeddable":true,"href":"https:\/\/vienibaspsk.lv\/index.php\/wp-json\/wp\/v2\/users\/2"}],"replies":[{"embeddable":true,"href":"https:\/\/vienibaspsk.lv\/index.php\/wp-json\/wp\/v2\/comments?post=1374"}],"version-history":[{"count":1,"href":"https:\/\/vienibaspsk.lv\/index.php\/wp-json\/wp\/v2\/posts\/1374\/revisions"}],"predecessor-version":[{"id":1376,"href":"https:\/\/vienibaspsk.lv\/index.php\/wp-json\/wp\/v2\/posts\/1374\/revisions\/1376"}],"wp:featuredmedia":[{"embeddable":true,"href":"https:\/\/vienibaspsk.lv\/index.php\/wp-json\/wp\/v2\/media\/1375"}],"wp:attachment":[{"href":"https:\/\/vienibaspsk.lv\/index.php\/wp-json\/wp\/v2\/media?parent=1374"}],"wp:term":[{"taxonomy":"category","embeddable":true,"href":"https:\/\/vienibaspsk.lv\/index.php\/wp-json\/wp\/v2\/categories?post=1374"},{"taxonomy":"post_tag","embeddable":true,"href":"https:\/\/vienibaspsk.lv\/index.php\/wp-json\/wp\/v2\/tags?post=1374"}],"curies":[{"name":"wp","href":"https:\/\/api.w.org\/{rel}","templated":true}]}}