{"id":1257,"date":"2020-09-25T05:59:11","date_gmt":"2020-09-25T05:59:11","guid":{"rendered":"http:\/\/vienibaspsk.lv\/?p=1257"},"modified":"2024-08-27T10:00:08","modified_gmt":"2024-08-27T07:00:08","slug":"eiropas-valodu-diena","status":"publish","type":"post","link":"https:\/\/vienibaspsk.lv\/index.php\/2020\/09\/25\/eiropas-valodu-diena\/","title":{"rendered":"Eiropas Valodu diena"},"content":{"rendered":"\n<p>Katru gadu 26. septembr\u012b Eiropas Savien\u012bbas dal\u012bbvalst\u012bs kop\u0161 2001.\u00a0gada svin<br>Eiropas Valodu dienu. \u0160aj\u0101 dien\u0101 \u012bpa\u0161a uzman\u012bba tiek piev\u0113rsta Eiropas valod\u0101m,<br>valodu daudzveid\u012bbai un to apguvei.<\/p>\n\n\n\n<p><br>Eiropas Valodu dienu ir valodu daudzveid\u012bbas sv\u0113tki. T\u0101 ir diena, lai jaunus un<br>vecus rosin\u0101tu m\u0101c\u012bties valodas, kad san\u0101kt kop\u0101 un priec\u0101ties par Eiropas valodu<br>kr\u0101\u0161\u0146umu.<\/p>\n\n\n\n<p><br>Ar\u012b m\u016bsu skolas audz\u0113k\u0146i \u0161aj\u0101 dien\u0101 klaus\u012bsies un dzied\u0101s dziesmas, m\u0101c\u012bsies<br>atpaz\u012bt un izrun\u0101t fr\u0101zes, k\u0101 ar\u012b sp\u0113l\u0113s da\u017e\u0101d\u0101s valod\u0101s.<br>Aicin\u0101m ieklaus\u012bties valodu skan\u0113jum\u0101, apg\u016bt noz\u012bm\u012bgus v\u0101rdus un fr\u0101zes,<br>varb\u016bt ar\u012b iedvesmoties k\u0101das valodas padzi\u013cin\u0101tai apguvei.<\/p>\n\n\n\n<figure class=\"wp-block-image size-large\"><img loading=\"lazy\" decoding=\"async\" width=\"1024\" height=\"512\" src=\"https:\/\/vienibaspsk.lv\/wp-content\/uploads\/2020\/09\/attels-1024x512.jpg\" alt=\"\" class=\"wp-image-1252\" srcset=\"https:\/\/vienibaspsk.lv\/wp-content\/uploads\/2020\/09\/attels-1024x512.jpg 1024w, https:\/\/vienibaspsk.lv\/wp-content\/uploads\/2020\/09\/attels-300x150.jpg 300w, https:\/\/vienibaspsk.lv\/wp-content\/uploads\/2020\/09\/attels-768x384.jpg 768w, https:\/\/vienibaspsk.lv\/wp-content\/uploads\/2020\/09\/attels.jpg 1200w\" sizes=\"auto, (max-width: 1024px) 100vw, 1024px\" \/><\/figure>\n","protected":false},"excerpt":{"rendered":"<p>Katru gadu 26. septembr\u012b Eiropas Savien\u012bbas dal\u012bbvalst\u012bs kop\u0161 2001.\u00a0gada svinEiropas Valodu dienu. \u0160aj\u0101 dien\u0101 \u012bpa\u0161a uzman\u012bba tiek piev\u0113rsta Eiropas valod\u0101m,valodu daudzveid\u012bbai un to apguvei. Eiropas Valodu dienu ir valodu daudzveid\u012bbas &#8230;<\/p>\n","protected":false},"author":2,"featured_media":1252,"comment_status":"closed","ping_status":"closed","sticky":false,"template":"","format":"standard","meta":{"_lmt_disableupdate":"","_lmt_disable":"","ngg_post_thumbnail":0,"footnotes":""},"categories":[12],"tags":[],"class_list":["post-1257","post","type-post","status-publish","format-standard","has-post-thumbnail","hentry","category-2020-2021"],"yoast_head":"<!-- This site is optimized with the Yoast SEO plugin v18.3 - https:\/\/yoast.com\/wordpress\/plugins\/seo\/ -->\n<title>Eiropas Valodu diena - Daugavpils Vien\u012bbas pamatskola<\/title>\n<meta name=\"robots\" content=\"index, follow, max-snippet:-1, max-image-preview:large, max-video-preview:-1\" \/>\n<link rel=\"canonical\" href=\"https:\/\/vienibaspsk.lv\/index.php\/2020\/09\/25\/eiropas-valodu-diena\/\" \/>\n<meta property=\"og:locale\" content=\"lv_LV\" \/>\n<meta property=\"og:type\" content=\"article\" \/>\n<meta property=\"og:title\" content=\"Eiropas Valodu diena - Daugavpils Vien\u012bbas pamatskola\" \/>\n<meta property=\"og:description\" content=\"Katru gadu 26. septembr\u012b Eiropas Savien\u012bbas dal\u012bbvalst\u012bs kop\u0161 2001.\u00a0gada svinEiropas Valodu dienu. \u0160aj\u0101 dien\u0101 \u012bpa\u0161a uzman\u012bba tiek piev\u0113rsta Eiropas valod\u0101m,valodu daudzveid\u012bbai un to apguvei. Eiropas Valodu dienu ir valodu daudzveid\u012bbas ...\" \/>\n<meta property=\"og:url\" content=\"https:\/\/vienibaspsk.lv\/index.php\/2020\/09\/25\/eiropas-valodu-diena\/\" \/>\n<meta property=\"og:site_name\" content=\"Daugavpils Vien\u012bbas pamatskola\" \/>\n<meta property=\"article:published_time\" content=\"2020-09-25T05:59:11+00:00\" \/>\n<meta property=\"article:modified_time\" content=\"2024-08-27T07:00:08+00:00\" \/>\n<meta property=\"og:image\" content=\"https:\/\/vienibaspsk.lv\/wp-content\/uploads\/2020\/09\/attels.jpg\" \/>\n\t<meta property=\"og:image:width\" content=\"1200\" \/>\n\t<meta property=\"og:image:height\" content=\"600\" \/>\n\t<meta property=\"og:image:type\" content=\"image\/jpeg\" \/>\n<meta name=\"twitter:card\" content=\"summary_large_image\" \/>\n<meta name=\"twitter:label1\" content=\"Written by\" \/>\n\t<meta name=\"twitter:data1\" content=\"\u0112riks Macijevskis\" \/>\n\t<meta name=\"twitter:label2\" content=\"Est. reading time\" \/>\n\t<meta name=\"twitter:data2\" content=\"1 min\u016bte\" \/>\n<script type=\"application\/ld+json\" class=\"yoast-schema-graph\">{\"@context\":\"https:\/\/schema.org\",\"@graph\":[{\"@type\":\"WebSite\",\"@id\":\"https:\/\/vienibaspsk.lv\/#website\",\"url\":\"https:\/\/vienibaspsk.lv\/\",\"name\":\"Daugavpils Vien\u012bbas pamatskola\",\"description\":\"\",\"potentialAction\":[{\"@type\":\"SearchAction\",\"target\":{\"@type\":\"EntryPoint\",\"urlTemplate\":\"https:\/\/vienibaspsk.lv\/?s={search_term_string}\"},\"query-input\":\"required name=search_term_string\"}],\"inLanguage\":\"lv-LV\"},{\"@type\":\"ImageObject\",\"@id\":\"https:\/\/vienibaspsk.lv\/index.php\/2020\/09\/25\/eiropas-valodu-diena\/#primaryimage\",\"inLanguage\":\"lv-LV\",\"url\":\"https:\/\/vienibaspsk.lv\/wp-content\/uploads\/2020\/09\/attels.jpg\",\"contentUrl\":\"https:\/\/vienibaspsk.lv\/wp-content\/uploads\/2020\/09\/attels.jpg\",\"width\":1200,\"height\":600},{\"@type\":\"WebPage\",\"@id\":\"https:\/\/vienibaspsk.lv\/index.php\/2020\/09\/25\/eiropas-valodu-diena\/#webpage\",\"url\":\"https:\/\/vienibaspsk.lv\/index.php\/2020\/09\/25\/eiropas-valodu-diena\/\",\"name\":\"Eiropas Valodu diena - Daugavpils Vien\u012bbas pamatskola\",\"isPartOf\":{\"@id\":\"https:\/\/vienibaspsk.lv\/#website\"},\"primaryImageOfPage\":{\"@id\":\"https:\/\/vienibaspsk.lv\/index.php\/2020\/09\/25\/eiropas-valodu-diena\/#primaryimage\"},\"datePublished\":\"2020-09-25T05:59:11+00:00\",\"dateModified\":\"2024-08-27T07:00:08+00:00\",\"author\":{\"@id\":\"https:\/\/vienibaspsk.lv\/#\/schema\/person\/d047a0e61f9508152ab5e6f85a98c7c3\"},\"breadcrumb\":{\"@id\":\"https:\/\/vienibaspsk.lv\/index.php\/2020\/09\/25\/eiropas-valodu-diena\/#breadcrumb\"},\"inLanguage\":\"lv-LV\",\"potentialAction\":[{\"@type\":\"ReadAction\",\"target\":[\"https:\/\/vienibaspsk.lv\/index.php\/2020\/09\/25\/eiropas-valodu-diena\/\"]}]},{\"@type\":\"BreadcrumbList\",\"@id\":\"https:\/\/vienibaspsk.lv\/index.php\/2020\/09\/25\/eiropas-valodu-diena\/#breadcrumb\",\"itemListElement\":[{\"@type\":\"ListItem\",\"position\":1,\"name\":\"Galven\u0101\",\"item\":\"https:\/\/vienibaspsk.lv\/\"},{\"@type\":\"ListItem\",\"position\":2,\"name\":\"Eiropas Valodu diena\"}]},{\"@type\":\"Person\",\"@id\":\"https:\/\/vienibaspsk.lv\/#\/schema\/person\/d047a0e61f9508152ab5e6f85a98c7c3\",\"name\":\"\u0112riks Macijevskis\",\"image\":{\"@type\":\"ImageObject\",\"@id\":\"https:\/\/vienibaspsk.lv\/#personlogo\",\"inLanguage\":\"lv-LV\",\"url\":\"https:\/\/secure.gravatar.com\/avatar\/29982a41dd109e1f84b875f119d056d0c6c0865cf3aa2a394c6bc26fe5f37e25?s=96&d=mm&r=g\",\"contentUrl\":\"https:\/\/secure.gravatar.com\/avatar\/29982a41dd109e1f84b875f119d056d0c6c0865cf3aa2a394c6bc26fe5f37e25?s=96&d=mm&r=g\",\"caption\":\"\u0112riks Macijevskis\"},\"url\":\"https:\/\/vienibaspsk.lv\/index.php\/author\/dvpsk\/\"}]}<\/script>\n<!-- \/ Yoast SEO plugin. -->","yoast_head_json":{"title":"Eiropas Valodu diena - Daugavpils Vien\u012bbas pamatskola","robots":{"index":"index","follow":"follow","max-snippet":"max-snippet:-1","max-image-preview":"max-image-preview:large","max-video-preview":"max-video-preview:-1"},"canonical":"https:\/\/vienibaspsk.lv\/index.php\/2020\/09\/25\/eiropas-valodu-diena\/","og_locale":"lv_LV","og_type":"article","og_title":"Eiropas Valodu diena - Daugavpils Vien\u012bbas pamatskola","og_description":"Katru gadu 26. septembr\u012b Eiropas Savien\u012bbas dal\u012bbvalst\u012bs kop\u0161 2001.\u00a0gada svinEiropas Valodu dienu. \u0160aj\u0101 dien\u0101 \u012bpa\u0161a uzman\u012bba tiek piev\u0113rsta Eiropas valod\u0101m,valodu daudzveid\u012bbai un to apguvei. Eiropas Valodu dienu ir valodu daudzveid\u012bbas ...","og_url":"https:\/\/vienibaspsk.lv\/index.php\/2020\/09\/25\/eiropas-valodu-diena\/","og_site_name":"Daugavpils Vien\u012bbas pamatskola","article_published_time":"2020-09-25T05:59:11+00:00","article_modified_time":"2024-08-27T07:00:08+00:00","og_image":[{"width":1200,"height":600,"url":"https:\/\/vienibaspsk.lv\/wp-content\/uploads\/2020\/09\/attels.jpg","type":"image\/jpeg"}],"twitter_card":"summary_large_image","twitter_misc":{"Written by":"\u0112riks Macijevskis","Est. reading time":"1 min\u016bte"},"schema":{"@context":"https:\/\/schema.org","@graph":[{"@type":"WebSite","@id":"https:\/\/vienibaspsk.lv\/#website","url":"https:\/\/vienibaspsk.lv\/","name":"Daugavpils Vien\u012bbas pamatskola","description":"","potentialAction":[{"@type":"SearchAction","target":{"@type":"EntryPoint","urlTemplate":"https:\/\/vienibaspsk.lv\/?s={search_term_string}"},"query-input":"required name=search_term_string"}],"inLanguage":"lv-LV"},{"@type":"ImageObject","@id":"https:\/\/vienibaspsk.lv\/index.php\/2020\/09\/25\/eiropas-valodu-diena\/#primaryimage","inLanguage":"lv-LV","url":"https:\/\/vienibaspsk.lv\/wp-content\/uploads\/2020\/09\/attels.jpg","contentUrl":"https:\/\/vienibaspsk.lv\/wp-content\/uploads\/2020\/09\/attels.jpg","width":1200,"height":600},{"@type":"WebPage","@id":"https:\/\/vienibaspsk.lv\/index.php\/2020\/09\/25\/eiropas-valodu-diena\/#webpage","url":"https:\/\/vienibaspsk.lv\/index.php\/2020\/09\/25\/eiropas-valodu-diena\/","name":"Eiropas Valodu diena - Daugavpils Vien\u012bbas pamatskola","isPartOf":{"@id":"https:\/\/vienibaspsk.lv\/#website"},"primaryImageOfPage":{"@id":"https:\/\/vienibaspsk.lv\/index.php\/2020\/09\/25\/eiropas-valodu-diena\/#primaryimage"},"datePublished":"2020-09-25T05:59:11+00:00","dateModified":"2024-08-27T07:00:08+00:00","author":{"@id":"https:\/\/vienibaspsk.lv\/#\/schema\/person\/d047a0e61f9508152ab5e6f85a98c7c3"},"breadcrumb":{"@id":"https:\/\/vienibaspsk.lv\/index.php\/2020\/09\/25\/eiropas-valodu-diena\/#breadcrumb"},"inLanguage":"lv-LV","potentialAction":[{"@type":"ReadAction","target":["https:\/\/vienibaspsk.lv\/index.php\/2020\/09\/25\/eiropas-valodu-diena\/"]}]},{"@type":"BreadcrumbList","@id":"https:\/\/vienibaspsk.lv\/index.php\/2020\/09\/25\/eiropas-valodu-diena\/#breadcrumb","itemListElement":[{"@type":"ListItem","position":1,"name":"Galven\u0101","item":"https:\/\/vienibaspsk.lv\/"},{"@type":"ListItem","position":2,"name":"Eiropas Valodu diena"}]},{"@type":"Person","@id":"https:\/\/vienibaspsk.lv\/#\/schema\/person\/d047a0e61f9508152ab5e6f85a98c7c3","name":"\u0112riks Macijevskis","image":{"@type":"ImageObject","@id":"https:\/\/vienibaspsk.lv\/#personlogo","inLanguage":"lv-LV","url":"https:\/\/secure.gravatar.com\/avatar\/29982a41dd109e1f84b875f119d056d0c6c0865cf3aa2a394c6bc26fe5f37e25?s=96&d=mm&r=g","contentUrl":"https:\/\/secure.gravatar.com\/avatar\/29982a41dd109e1f84b875f119d056d0c6c0865cf3aa2a394c6bc26fe5f37e25?s=96&d=mm&r=g","caption":"\u0112riks Macijevskis"},"url":"https:\/\/vienibaspsk.lv\/index.php\/author\/dvpsk\/"}]}},"modified_by":"\u0112riks Macijevskis","_links":{"self":[{"href":"https:\/\/vienibaspsk.lv\/index.php\/wp-json\/wp\/v2\/posts\/1257","targetHints":{"allow":["GET"]}}],"collection":[{"href":"https:\/\/vienibaspsk.lv\/index.php\/wp-json\/wp\/v2\/posts"}],"about":[{"href":"https:\/\/vienibaspsk.lv\/index.php\/wp-json\/wp\/v2\/types\/post"}],"author":[{"embeddable":true,"href":"https:\/\/vienibaspsk.lv\/index.php\/wp-json\/wp\/v2\/users\/2"}],"replies":[{"embeddable":true,"href":"https:\/\/vienibaspsk.lv\/index.php\/wp-json\/wp\/v2\/comments?post=1257"}],"version-history":[{"count":1,"href":"https:\/\/vienibaspsk.lv\/index.php\/wp-json\/wp\/v2\/posts\/1257\/revisions"}],"predecessor-version":[{"id":1258,"href":"https:\/\/vienibaspsk.lv\/index.php\/wp-json\/wp\/v2\/posts\/1257\/revisions\/1258"}],"wp:featuredmedia":[{"embeddable":true,"href":"https:\/\/vienibaspsk.lv\/index.php\/wp-json\/wp\/v2\/media\/1252"}],"wp:attachment":[{"href":"https:\/\/vienibaspsk.lv\/index.php\/wp-json\/wp\/v2\/media?parent=1257"}],"wp:term":[{"taxonomy":"category","embeddable":true,"href":"https:\/\/vienibaspsk.lv\/index.php\/wp-json\/wp\/v2\/categories?post=1257"},{"taxonomy":"post_tag","embeddable":true,"href":"https:\/\/vienibaspsk.lv\/index.php\/wp-json\/wp\/v2\/tags?post=1257"}],"curies":[{"name":"wp","href":"https:\/\/api.w.org\/{rel}","templated":true}]}}